{"id":204379,"date":"2022-09-16T18:45:33","date_gmt":"2022-09-16T21:45:33","guid":{"rendered":"https:\/\/diarioregionaldigital.com.br\/?p=204379"},"modified":"2022-09-16T18:45:33","modified_gmt":"2022-09-16T21:45:33","slug":"tenis-brasil-sai-atras-de-portugal-na-copa-davis","status":"publish","type":"post","link":"https:\/\/diarioregionaldigital.com.br\/?p=204379","title":{"rendered":"T\u00eanis: Brasil sai atr\u00e1s de Portugal na Copa Davis"},"content":{"rendered":"<p>O Brasil saiu atr\u00e1s de Portugal nesta sexta-feira (16), o primeiro dia de disputas entre os dois pa\u00edses pelo Grupo Mundial I da Copa Davis. Os confrontos est\u00e3o sendo disputados em Viana do Castelo, norte de Portugal. A equipe da casa abriu uma vantagem de 2 vit\u00f3rias a 0 sobre o selecionado brasileiro.<img decoding=\"async\" src=\"https:\/\/agenciabrasil.ebc.com.br\/ebc.png?id=1482845&amp;o=node\" \/><img decoding=\"async\" src=\"https:\/\/agenciabrasil.ebc.com.br\/ebc.gif?id=1482845&amp;o=node\" \/><\/p>\n<p>No primeiro confronto do dia, Felipe Meligeni caiu diante de Jo\u00e3o Sousa por 2 sets a 0 (parciais de 6\/1 e 6\/3) ap\u00f3s 1h8min de partida. Depois, Thiago Monteiro foi superado por Nuno Borges por 2 sets a 1 (parciais de 6\/7 [5-7], 6\/4 e 7\/6 [7-3]).<\/p>\n<p>A disputa ter\u00e1 prosseguimento no pr\u00f3ximo s\u00e1bado (17), primeiro com o jogo de duplas, que colocar\u00e1 frente a frente Rafael Matos e Felipe Meligeni e a equipe de Nuno Borges e Francisco Cabral. Na sequ\u00eancia ser\u00e3o disputados dois jogos de simples: Thiago Monteiro contra Jo\u00e3o Sousa e, no caso de necessidade, Felipe Meligeni versus Nuno Borges.<\/p>\n<p><span style=\"font-weight: 400;\">Fonte: Ag\u00eancia Brasil<\/span><\/p>\n","protected":false},"excerpt":{"rendered":"<p>O Brasil saiu atr\u00e1s de Portugal nesta sexta-feira (16), o primeiro dia de disputas entre os dois pa\u00edses pelo Grupo Mundial I da Copa Davis. Os confrontos est\u00e3o sendo disputados em Viana do Castelo, norte de Portugal. A equipe da casa abriu uma vantagem de 2 vit\u00f3rias a 0 sobre o selecionado brasileiro. No primeiro [&hellip;]<\/p>\n","protected":false},"author":246,"featured_media":204380,"comment_status":"closed","ping_status":"closed","sticky":false,"template":"","format":"standard","meta":{"footnotes":""},"categories":[436,440,257,439],"tags":[],"class_list":["post-204379","post","type-post","status-publish","format-standard","has-post-thumbnail","hentry","category-destaque-da-semana","category-destaques-do-dia","category-esporte","category-ultima-hora"],"_links":{"self":[{"href":"https:\/\/diarioregionaldigital.com.br\/index.php?rest_route=\/wp\/v2\/posts\/204379","targetHints":{"allow":["GET"]}}],"collection":[{"href":"https:\/\/diarioregionaldigital.com.br\/index.php?rest_route=\/wp\/v2\/posts"}],"about":[{"href":"https:\/\/diarioregionaldigital.com.br\/index.php?rest_route=\/wp\/v2\/types\/post"}],"author":[{"embeddable":true,"href":"https:\/\/diarioregionaldigital.com.br\/index.php?rest_route=\/wp\/v2\/users\/246"}],"replies":[{"embeddable":true,"href":"https:\/\/diarioregionaldigital.com.br\/index.php?rest_route=%2Fwp%2Fv2%2Fcomments&post=204379"}],"version-history":[{"count":1,"href":"https:\/\/diarioregionaldigital.com.br\/index.php?rest_route=\/wp\/v2\/posts\/204379\/revisions"}],"predecessor-version":[{"id":204381,"href":"https:\/\/diarioregionaldigital.com.br\/index.php?rest_route=\/wp\/v2\/posts\/204379\/revisions\/204381"}],"wp:featuredmedia":[{"embeddable":true,"href":"https:\/\/diarioregionaldigital.com.br\/index.php?rest_route=\/wp\/v2\/media\/204380"}],"wp:attachment":[{"href":"https:\/\/diarioregionaldigital.com.br\/index.php?rest_route=%2Fwp%2Fv2%2Fmedia&parent=204379"}],"wp:term":[{"taxonomy":"category","embeddable":true,"href":"https:\/\/diarioregionaldigital.com.br\/index.php?rest_route=%2Fwp%2Fv2%2Fcategories&post=204379"},{"taxonomy":"post_tag","embeddable":true,"href":"https:\/\/diarioregionaldigital.com.br\/index.php?rest_route=%2Fwp%2Fv2%2Ftags&post=204379"}],"curies":[{"name":"wp","href":"https:\/\/api.w.org\/{rel}","templated":true}]}}