{"id":204376,"date":"2022-09-16T18:37:37","date_gmt":"2022-09-16T21:37:37","guid":{"rendered":"https:\/\/diarioregionaldigital.com.br\/?p=204376"},"modified":"2022-09-16T18:37:37","modified_gmt":"2022-09-16T21:37:37","slug":"felipe-davila-quer-programa-social-para-familias-com-criancas-pobres","status":"publish","type":"post","link":"https:\/\/diarioregionaldigital.com.br\/?p=204376","title":{"rendered":"Felipe D&#8217;Avila quer programa social para fam\u00edlias com crian\u00e7as pobres"},"content":{"rendered":"<p>O candidato \u00e0 Presid\u00eancia da Rep\u00fablica pelo partido Novo, Felipe D&#8217;Avila, e o candidato a vice, Tiago Mitraud, cumprem agenda de campanha em Uberl\u00e2ndia e Uberaba, no Tri\u00e2ngulo Mineiro, nesta sexta-feira (16) para encontrar apoiadores e candidatos do Novo e debater suas propostas com empres\u00e1rios do setor aliment\u00edcio nas duas cidades.<img decoding=\"async\" src=\"https:\/\/agenciabrasil.ebc.com.br\/ebc.png?id=1482782&amp;o=node\" \/><img decoding=\"async\" src=\"https:\/\/agenciabrasil.ebc.com.br\/ebc.gif?id=1482782&amp;o=node\" \/><\/p>\n<p>\u201cMinas Gerais tem uma grande pot\u00eancia na \u00e1rea do agroneg\u00f3cio. Precisamos levar mais da experi\u00eancia de Minas para o resto do Brasil, colocar o Brasil tamb\u00e9m nos trilhos, trazer previsibilidade das regras, confian\u00e7a nas regras do jogo para deixar que o investimento privado fa\u00e7a a economia gerar renda e emprego para o brasileiro\u201d, disse o presidenci\u00e1vel, na chegada a Uberl\u00e2ndia.<\/p>\n<p>Ele tamb\u00e9m falou sobre uma das metas do seu plano de governo que \u00e9 erradicar a pobreza extrema em quatro anos. \u201cVamos fazer isso focalizando o que j\u00e1 vem sendo gasto com programas sociais nos mais pobres. Estamos falando aqui de fam\u00edlias que t\u00eam crian\u00e7as pobres. N\u00e3o \u00e9 poss\u00edvel dar o mesmo valor de aux\u00edlio para um jovem de 20 anos desempregado e para uma m\u00e3e com duas crian\u00e7as. Sabemos que a maior parte da mis\u00e9ria extrema no Brasil est\u00e1 nas fam\u00edlias que t\u00eam crian\u00e7as com menos de 10 anos\u201d, disse o candidato.<\/p>\n<p>O presidenci\u00e1vel come\u00e7ou a agenda na ONG Pontes de Amor, organiza\u00e7\u00e3o filantr\u00f3pica sem fins lucrativos, filiada \u00e0 Associa\u00e7\u00e3o Nacional dos Grupos de Apoio \u00e0 Ado\u00e7\u00e3o, que atua h\u00e1 dez anos em Uberl\u00e2ndia e no Tri\u00e2ngulo Mineiro.<\/p>\n<p>Ap\u00f3s almo\u00e7o com lideran\u00e7as locais do partido, os candidatos visitam a sede da empresa de produtos l\u00e1cteos Yamo. No fim da tarde, eles se encontram com lideran\u00e7as empresariais filiadas \u00e0 Associa\u00e7\u00e3o Comercial e Industrial de Uberaba e encerram o dia em um jantar com apoiadores na cidade.<\/p>\n<p><span style=\"font-weight: 400;\">Fonte: Ag\u00eancia Brasil<\/span><\/p>\n","protected":false},"excerpt":{"rendered":"<p>O candidato \u00e0 Presid\u00eancia da Rep\u00fablica pelo partido Novo, Felipe D&#8217;Avila, e o candidato a vice, Tiago Mitraud, cumprem agenda de campanha em Uberl\u00e2ndia e Uberaba, no Tri\u00e2ngulo Mineiro, nesta sexta-feira (16) para encontrar apoiadores e candidatos do Novo e debater suas propostas com empres\u00e1rios do setor aliment\u00edcio nas duas cidades. \u201cMinas Gerais tem uma [&hellip;]<\/p>\n","protected":false},"author":246,"featured_media":204377,"comment_status":"closed","ping_status":"closed","sticky":false,"template":"","format":"standard","meta":{"footnotes":""},"categories":[436,254,439],"tags":[],"class_list":["post-204376","post","type-post","status-publish","format-standard","has-post-thumbnail","hentry","category-destaque-da-semana","category-politica","category-ultima-hora"],"_links":{"self":[{"href":"https:\/\/diarioregionaldigital.com.br\/index.php?rest_route=\/wp\/v2\/posts\/204376","targetHints":{"allow":["GET"]}}],"collection":[{"href":"https:\/\/diarioregionaldigital.com.br\/index.php?rest_route=\/wp\/v2\/posts"}],"about":[{"href":"https:\/\/diarioregionaldigital.com.br\/index.php?rest_route=\/wp\/v2\/types\/post"}],"author":[{"embeddable":true,"href":"https:\/\/diarioregionaldigital.com.br\/index.php?rest_route=\/wp\/v2\/users\/246"}],"replies":[{"embeddable":true,"href":"https:\/\/diarioregionaldigital.com.br\/index.php?rest_route=%2Fwp%2Fv2%2Fcomments&post=204376"}],"version-history":[{"count":1,"href":"https:\/\/diarioregionaldigital.com.br\/index.php?rest_route=\/wp\/v2\/posts\/204376\/revisions"}],"predecessor-version":[{"id":204378,"href":"https:\/\/diarioregionaldigital.com.br\/index.php?rest_route=\/wp\/v2\/posts\/204376\/revisions\/204378"}],"wp:featuredmedia":[{"embeddable":true,"href":"https:\/\/diarioregionaldigital.com.br\/index.php?rest_route=\/wp\/v2\/media\/204377"}],"wp:attachment":[{"href":"https:\/\/diarioregionaldigital.com.br\/index.php?rest_route=%2Fwp%2Fv2%2Fmedia&parent=204376"}],"wp:term":[{"taxonomy":"category","embeddable":true,"href":"https:\/\/diarioregionaldigital.com.br\/index.php?rest_route=%2Fwp%2Fv2%2Fcategories&post=204376"},{"taxonomy":"post_tag","embeddable":true,"href":"https:\/\/diarioregionaldigital.com.br\/index.php?rest_route=%2Fwp%2Fv2%2Ftags&post=204376"}],"curies":[{"name":"wp","href":"https:\/\/api.w.org\/{rel}","templated":true}]}}