{"id":204373,"date":"2022-09-16T18:35:17","date_gmt":"2022-09-16T21:35:17","guid":{"rendered":"https:\/\/diarioregionaldigital.com.br\/?p=204373"},"modified":"2022-09-16T18:35:17","modified_gmt":"2022-09-16T21:35:17","slug":"simone-tebet-defende-economia-verde-durante-evento-no-maranhao","status":"publish","type":"post","link":"https:\/\/diarioregionaldigital.com.br\/?p=204373","title":{"rendered":"Simone Tebet defende economia verde durante evento no Maranh\u00e3o"},"content":{"rendered":"<p>No segundo dia em campanha na capital maranhense, S\u00e3o Lu\u00eds, a candidata do MDB \u00e0 Presid\u00eancia, Simone Tebet, fez caminhada na manh\u00e3 de hoje (16), pelo Mercado das Tulhas, um centro de artesanato e de comidas t\u00edpicas. No local ela defendeu o \u201cdesmatamento ilegal zero\u201d: \u201cn\u00e3o \u00e9 poss\u00edvel ter uma economia que n\u00e3o seja verde. Se n\u00f3s n\u00e3o tivermos sustentabilidade, o mundo fechar\u00e1 as portas para o Brasil, n\u00e3o colocaremos mais a carne produzida no Brasil nos supermercados da Europa, n\u00e3o venderemos mais os nossos gr\u00e3os&#8221;.<img decoding=\"async\" src=\"https:\/\/agenciabrasil.ebc.com.br\/ebc.png?id=1482823&amp;o=node\" \/><img decoding=\"async\" src=\"https:\/\/agenciabrasil.ebc.com.br\/ebc.gif?id=1482823&amp;o=node\" \/><\/p>\n<p>A candidata disse que \u00e9 preciso investir mais em um plano de desenvolvimento para as regi\u00f5es que apresentam os piores \u00edndices de desenvolvimento. Na avalia\u00e7\u00e3o dela, \u00e9 preciso parar de relacionar o Nordeste a problemas. \u201cO Nordeste tem solu\u00e7\u00f5es para o Brasil. Aqui n\u00f3s temos nove estados riqu\u00edssimos, cada um dentro de sua pr\u00f3pria diversidade. Falta vontade pol\u00edtica e que o dinheiro, que \u00e9 dinheiro do povo, chegue aqui. Lamentavelmente, as verbas saem de Bras\u00edlia e v\u00e3o pingando no meio do caminho, caindo nos bolsos de parte da classe pol\u00edtica. E, quando chega aqui, chega pela metade\u201d, afirmou.<\/p>\n<p>Outro assunto abordado pela emedebista foi o direito dos povos origin\u00e1rios \u00e0 terra. \u201cOs povos origin\u00e1rios, como o pr\u00f3prio nome diz, chegaram antes de n\u00f3s. Temos que cumprir a lei, fazer estudos antropol\u00f3gicos para determinar que \u00e1reas realmente s\u00e3o das popula\u00e7\u00f5es ind\u00edgenas, verificar a titularidade e se porventura aquele propriet\u00e1rio rural tinha posse mansa, pac\u00edfica ou titulada\u201d, ressaltou.<\/p>\n<p>Ainda no Maranh\u00e3o Tebet falou da import\u00e2ncia do Brasil resgatar o turismo interno, setor que, observou, aquece a economia, que polui pouco, que gera emprego e renda e que enriquece a diversidade econ\u00f4mica do pa\u00eds. \u201c\u00c9 isso o que n\u00f3s queremos para o Brasil. Precisamos fazer andar a reforma tribut\u00e1ria para reduzir impostos e incentivar o turismo local para que esse setor possa ser o grande gerador do emprego e da renda que hoje faltam ao pa\u00eds\u201d, disse.<\/p>\n<p><span style=\"font-weight: 400;\">Fonte: Ag\u00eancia Brasil<\/span><\/p>\n","protected":false},"excerpt":{"rendered":"<p>No segundo dia em campanha na capital maranhense, S\u00e3o Lu\u00eds, a candidata do MDB \u00e0 Presid\u00eancia, Simone Tebet, fez caminhada na manh\u00e3 de hoje (16), pelo Mercado das Tulhas, um centro de artesanato e de comidas t\u00edpicas. No local ela defendeu o \u201cdesmatamento ilegal zero\u201d: \u201cn\u00e3o \u00e9 poss\u00edvel ter uma economia que n\u00e3o seja verde. [&hellip;]<\/p>\n","protected":false},"author":246,"featured_media":204374,"comment_status":"closed","ping_status":"closed","sticky":false,"template":"","format":"standard","meta":{"footnotes":""},"categories":[436,254,439],"tags":[],"class_list":["post-204373","post","type-post","status-publish","format-standard","has-post-thumbnail","hentry","category-destaque-da-semana","category-politica","category-ultima-hora"],"_links":{"self":[{"href":"https:\/\/diarioregionaldigital.com.br\/index.php?rest_route=\/wp\/v2\/posts\/204373","targetHints":{"allow":["GET"]}}],"collection":[{"href":"https:\/\/diarioregionaldigital.com.br\/index.php?rest_route=\/wp\/v2\/posts"}],"about":[{"href":"https:\/\/diarioregionaldigital.com.br\/index.php?rest_route=\/wp\/v2\/types\/post"}],"author":[{"embeddable":true,"href":"https:\/\/diarioregionaldigital.com.br\/index.php?rest_route=\/wp\/v2\/users\/246"}],"replies":[{"embeddable":true,"href":"https:\/\/diarioregionaldigital.com.br\/index.php?rest_route=%2Fwp%2Fv2%2Fcomments&post=204373"}],"version-history":[{"count":1,"href":"https:\/\/diarioregionaldigital.com.br\/index.php?rest_route=\/wp\/v2\/posts\/204373\/revisions"}],"predecessor-version":[{"id":204375,"href":"https:\/\/diarioregionaldigital.com.br\/index.php?rest_route=\/wp\/v2\/posts\/204373\/revisions\/204375"}],"wp:featuredmedia":[{"embeddable":true,"href":"https:\/\/diarioregionaldigital.com.br\/index.php?rest_route=\/wp\/v2\/media\/204374"}],"wp:attachment":[{"href":"https:\/\/diarioregionaldigital.com.br\/index.php?rest_route=%2Fwp%2Fv2%2Fmedia&parent=204373"}],"wp:term":[{"taxonomy":"category","embeddable":true,"href":"https:\/\/diarioregionaldigital.com.br\/index.php?rest_route=%2Fwp%2Fv2%2Fcategories&post=204373"},{"taxonomy":"post_tag","embeddable":true,"href":"https:\/\/diarioregionaldigital.com.br\/index.php?rest_route=%2Fwp%2Fv2%2Ftags&post=204373"}],"curies":[{"name":"wp","href":"https:\/\/api.w.org\/{rel}","templated":true}]}}