{"id":204370,"date":"2022-09-16T18:33:12","date_gmt":"2022-09-16T21:33:12","guid":{"rendered":"https:\/\/diarioregionaldigital.com.br\/?p=204370"},"modified":"2022-09-16T18:33:12","modified_gmt":"2022-09-16T21:33:12","slug":"soraya-diz-que-mantera-tributos-federais-so-na-importacao-e-exportacao","status":"publish","type":"post","link":"https:\/\/diarioregionaldigital.com.br\/?p=204370","title":{"rendered":"Soraya diz que manter\u00e1 tributos federais s\u00f3 na importa\u00e7\u00e3o e exporta\u00e7\u00e3o"},"content":{"rendered":"<p>A candidata \u00e0 Presid\u00eancia da Rep\u00fablica Soraya Thronicke disse, hoje (16), que, entre os tributos federais, s\u00f3 vai manter os que incidem sobre importa\u00e7\u00e3o, exporta\u00e7\u00e3o e o imposto de renda. Esse \u00faltimo, no entanto, n\u00e3o ser\u00e1 cobrado de professores e de trabalhadores com ganhos de at\u00e9 cinco sal\u00e1rios m\u00ednimos.<img decoding=\"async\" src=\"https:\/\/agenciabrasil.ebc.com.br\/ebc.png?id=1482840&amp;o=node\" \/><img decoding=\"async\" src=\"https:\/\/agenciabrasil.ebc.com.br\/ebc.gif?id=1482840&amp;o=node\" \/><\/p>\n<p>A promessa foi feita durante o evento organizado pelo Sindicato dos Engenheiros no Estado de S\u00e3o Paulo.<\/p>\n<p>A candidata pelo Uni\u00e3o Brasil defendeu o uso da\u00a0<strong>Empresa Brasil de Comunica\u00e7\u00e3o (EBC)<\/strong>\u00a0&#8211; no caso a\u00a0<strong>TV Brasil<\/strong>\u00a0&#8211; como ferramenta de educa\u00e7\u00e3o. Ela disse que o uso do ve\u00edculo p\u00fablico poderia ter ajudado a amenizar os problemas causados pela pandemia aos estudantes brasileiros, em especial os que n\u00e3o t\u00eam acesso \u00e0 internet, para assistirem aulas \u00e0 dist\u00e2ncia.<\/p>\n<p>\u201cA exemplo do que foi feito [com os ve\u00edculos de m\u00eddia p\u00fablica] em outros pa\u00edses, como Portugal, a EBC poderia ter sido utilizada para dar aulas aos brasileiros\u201d, defendeu Soraya.<\/p>\n<p>Sobre os planos para a \u00e1rea econ\u00f4mica, Soraya reiterou que, dos tributos federais, s\u00f3 manter\u00e1 aqueles que incidem sobre importa\u00e7\u00e3o, exporta\u00e7\u00e3o e sobre o imposto de renda, que, segundo ela, \u201cdeixar\u00e1 de ser cobrado de professores e de pessoas que recebam at\u00e9 cinco sal\u00e1rios m\u00ednimos\u201d.<\/p>\n<p>Dirigindo-se aos engenheiros presentes no evento, disse ser favor\u00e1vel a uma lei de licita\u00e7\u00f5es similar \u00e0 aplicada em outros pa\u00edses, que incluem, no edital, um seguro que garanta a entrega da obra no tempo contratado.<\/p>\n<p><span style=\"font-weight: 400;\"><br \/>\n<\/span><span style=\"font-weight: 400;\">Fonte: Ag\u00eancia Brasil<\/span><\/p>\n","protected":false},"excerpt":{"rendered":"<p>A candidata \u00e0 Presid\u00eancia da Rep\u00fablica Soraya Thronicke disse, hoje (16), que, entre os tributos federais, s\u00f3 vai manter os que incidem sobre importa\u00e7\u00e3o, exporta\u00e7\u00e3o e o imposto de renda. Esse \u00faltimo, no entanto, n\u00e3o ser\u00e1 cobrado de professores e de trabalhadores com ganhos de at\u00e9 cinco sal\u00e1rios m\u00ednimos. A promessa foi feita durante o [&hellip;]<\/p>\n","protected":false},"author":246,"featured_media":204371,"comment_status":"closed","ping_status":"closed","sticky":false,"template":"","format":"standard","meta":{"footnotes":""},"categories":[436,254,439],"tags":[],"class_list":["post-204370","post","type-post","status-publish","format-standard","has-post-thumbnail","hentry","category-destaque-da-semana","category-politica","category-ultima-hora"],"_links":{"self":[{"href":"https:\/\/diarioregionaldigital.com.br\/index.php?rest_route=\/wp\/v2\/posts\/204370","targetHints":{"allow":["GET"]}}],"collection":[{"href":"https:\/\/diarioregionaldigital.com.br\/index.php?rest_route=\/wp\/v2\/posts"}],"about":[{"href":"https:\/\/diarioregionaldigital.com.br\/index.php?rest_route=\/wp\/v2\/types\/post"}],"author":[{"embeddable":true,"href":"https:\/\/diarioregionaldigital.com.br\/index.php?rest_route=\/wp\/v2\/users\/246"}],"replies":[{"embeddable":true,"href":"https:\/\/diarioregionaldigital.com.br\/index.php?rest_route=%2Fwp%2Fv2%2Fcomments&post=204370"}],"version-history":[{"count":1,"href":"https:\/\/diarioregionaldigital.com.br\/index.php?rest_route=\/wp\/v2\/posts\/204370\/revisions"}],"predecessor-version":[{"id":204372,"href":"https:\/\/diarioregionaldigital.com.br\/index.php?rest_route=\/wp\/v2\/posts\/204370\/revisions\/204372"}],"wp:featuredmedia":[{"embeddable":true,"href":"https:\/\/diarioregionaldigital.com.br\/index.php?rest_route=\/wp\/v2\/media\/204371"}],"wp:attachment":[{"href":"https:\/\/diarioregionaldigital.com.br\/index.php?rest_route=%2Fwp%2Fv2%2Fmedia&parent=204370"}],"wp:term":[{"taxonomy":"category","embeddable":true,"href":"https:\/\/diarioregionaldigital.com.br\/index.php?rest_route=%2Fwp%2Fv2%2Fcategories&post=204370"},{"taxonomy":"post_tag","embeddable":true,"href":"https:\/\/diarioregionaldigital.com.br\/index.php?rest_route=%2Fwp%2Fv2%2Ftags&post=204370"}],"curies":[{"name":"wp","href":"https:\/\/api.w.org\/{rel}","templated":true}]}}