{"id":204367,"date":"2022-09-16T18:29:47","date_gmt":"2022-09-16T21:29:47","guid":{"rendered":"https:\/\/diarioregionaldigital.com.br\/?p=204367"},"modified":"2022-09-16T18:29:47","modified_gmt":"2022-09-16T21:29:47","slug":"bolsonaro-diz-que-brasil-terminara-ano-com-inflacao-de-cerca-de-6","status":"publish","type":"post","link":"https:\/\/diarioregionaldigital.com.br\/?p=204367","title":{"rendered":"Bolsonaro diz que Brasil terminar\u00e1 ano com infla\u00e7\u00e3o de cerca de 6%"},"content":{"rendered":"<p>O candidato \u00e0 reelei\u00e7\u00e3o \u00e0 Presid\u00eancia da Rep\u00fablica pelo PL, Jair Bolsonaro, disse nesta quinta-feira (15) durante uma live gravada no Rio de Janeiro que seu governo pretende terminar 2022 com uma infla\u00e7\u00e3o em cerca de 6%.\u00a0\u201cA proje\u00e7\u00e3o de infla\u00e7\u00e3o vem caindo e a gente pretende terminar o ano com a infla\u00e7\u00e3o na casa dos 6%. \u00c9 algo que a\u00ed fora, na Europa, nos Estados Unidos, a infla\u00e7\u00e3o est\u00e1 um pouco acima disso\u201d, disse o candidato \u00e0 reelei\u00e7\u00e3o.<img decoding=\"async\" src=\"https:\/\/agenciabrasil.ebc.com.br\/ebc.png?id=1482654&amp;o=node\" \/><img decoding=\"async\" src=\"https:\/\/agenciabrasil.ebc.com.br\/ebc.gif?id=1482654&amp;o=node\" \/><\/p>\n<p>Durante a\u00a0<em>live<\/em>, Bolsonaro tamb\u00e9m falou sobre o PIX, um meio de pagamento eletr\u00f4nico instant\u00e2neo e gratuito oferecido pelo Banco Central a pessoas f\u00edsicas e jur\u00eddicas lan\u00e7ado em 2020. O candidato \u00e0 reelei\u00e7\u00e3o destacou que seu governo deu autonomia ao Banco Central e que atualmente mais de 100 milh\u00f5es de pessoas utilizam esta funcionalidade no pa\u00eds.<\/p>\n<p>\u201cMuita gente vivia na informalidade, nunca tinha tido uma conta em banco, passou ent\u00e3o a usar o PIX e a se comportar como microempres\u00e1rio. Pelas informa\u00e7\u00f5es que n\u00f3s temos s\u00e3o mais de 1 bilh\u00e3o de movimenta\u00e7\u00f5es financeiras por m\u00eas. O PIX tem colaborado em muita coisa para o Brasil, al\u00e9m de movimentar o mercado, a nossa economia, tamb\u00e9m transformar muita gente que vivia na informalidade em pequeno, em microempreendedor, tamb\u00e9m diminuiu a viol\u00eancia no nosso Brasil\u201d, disse o candidato.<\/p>\n<p>Bolsonaro destacou que a tecnologia desenvolvida pelo Banco Central est\u00e1 sendo copiada por outros pa\u00edses. \u201c\u00c9 uma revolu\u00e7\u00e3o na economia brasileira. E como \u00e9 uma boa not\u00edcia, ela come\u00e7a a se espalhar pelo mundo. Estados Unidos, Col\u00f4mbia e Canad\u00e1 importam o PIX brasileiro. Nossa tecnologia tem ido para pa\u00edses como Estados Unidos, Col\u00f4mbia e Canad\u00e1\u201d, disse.<\/p>\n<p>Durante a\u00a0<em>live<\/em>, Bolsonaro tamb\u00e9m citou os avan\u00e7os do governo federal na \u00e1rea da seguran\u00e7a p\u00fablica. \u201cNo nosso governo tamb\u00e9m diminuiu \u00e0 metade os assaltos a bancos. \u00c9 um governo que tamb\u00e9m vem dando certo nesta \u00e1rea.\u201d<\/p>\n<p>\u00c0 noite, ap\u00f3s a\u00a0<em>live<\/em>, Bolsonaro participou de culto alusivo ao anivers\u00e1rio do pastor Silas Malafaia, na igreja liderado por ele, no Rio de Janeiro.\u00a0No altar, sem fazer cita\u00e7\u00f5es diretas \u00e0 pol\u00edtica, o presidente falou sobre valores morais. &#8220;Tem coisas que s\u00e3o muito caras para todos n\u00f3s. O aborto, ideologia de g\u00eanero, drogas, propriedade privada e fam\u00edlia. A vit\u00f3ria \u00e9 de todos n\u00f3s, pois o Brasil \u00e9 a terra do Senhor&#8221;, disse.<\/p>\n<p><span style=\"font-weight: 400;\"><br \/>\n<\/span><span style=\"font-weight: 400;\">Fonte: Ag\u00eancia Brasil<\/span><\/p>\n","protected":false},"excerpt":{"rendered":"<p>O candidato \u00e0 reelei\u00e7\u00e3o \u00e0 Presid\u00eancia da Rep\u00fablica pelo PL, Jair Bolsonaro, disse nesta quinta-feira (15) durante uma live gravada no Rio de Janeiro que seu governo pretende terminar 2022 com uma infla\u00e7\u00e3o em cerca de 6%.\u00a0\u201cA proje\u00e7\u00e3o de infla\u00e7\u00e3o vem caindo e a gente pretende terminar o ano com a infla\u00e7\u00e3o na casa dos [&hellip;]<\/p>\n","protected":false},"author":246,"featured_media":204368,"comment_status":"closed","ping_status":"closed","sticky":false,"template":"","format":"standard","meta":{"footnotes":""},"categories":[436,440,254,439],"tags":[],"class_list":["post-204367","post","type-post","status-publish","format-standard","has-post-thumbnail","hentry","category-destaque-da-semana","category-destaques-do-dia","category-politica","category-ultima-hora"],"_links":{"self":[{"href":"https:\/\/diarioregionaldigital.com.br\/index.php?rest_route=\/wp\/v2\/posts\/204367","targetHints":{"allow":["GET"]}}],"collection":[{"href":"https:\/\/diarioregionaldigital.com.br\/index.php?rest_route=\/wp\/v2\/posts"}],"about":[{"href":"https:\/\/diarioregionaldigital.com.br\/index.php?rest_route=\/wp\/v2\/types\/post"}],"author":[{"embeddable":true,"href":"https:\/\/diarioregionaldigital.com.br\/index.php?rest_route=\/wp\/v2\/users\/246"}],"replies":[{"embeddable":true,"href":"https:\/\/diarioregionaldigital.com.br\/index.php?rest_route=%2Fwp%2Fv2%2Fcomments&post=204367"}],"version-history":[{"count":1,"href":"https:\/\/diarioregionaldigital.com.br\/index.php?rest_route=\/wp\/v2\/posts\/204367\/revisions"}],"predecessor-version":[{"id":204369,"href":"https:\/\/diarioregionaldigital.com.br\/index.php?rest_route=\/wp\/v2\/posts\/204367\/revisions\/204369"}],"wp:featuredmedia":[{"embeddable":true,"href":"https:\/\/diarioregionaldigital.com.br\/index.php?rest_route=\/wp\/v2\/media\/204368"}],"wp:attachment":[{"href":"https:\/\/diarioregionaldigital.com.br\/index.php?rest_route=%2Fwp%2Fv2%2Fmedia&parent=204367"}],"wp:term":[{"taxonomy":"category","embeddable":true,"href":"https:\/\/diarioregionaldigital.com.br\/index.php?rest_route=%2Fwp%2Fv2%2Fcategories&post=204367"},{"taxonomy":"post_tag","embeddable":true,"href":"https:\/\/diarioregionaldigital.com.br\/index.php?rest_route=%2Fwp%2Fv2%2Ftags&post=204367"}],"curies":[{"name":"wp","href":"https:\/\/api.w.org\/{rel}","templated":true}]}}