{"id":204364,"date":"2022-09-16T18:24:32","date_gmt":"2022-09-16T21:24:32","guid":{"rendered":"https:\/\/diarioregionaldigital.com.br\/?p=204364"},"modified":"2022-09-16T18:24:32","modified_gmt":"2022-09-16T21:24:32","slug":"caixa-pra-elas-registra-21-milhoes-de-acessos-nos-primeiros-30-dias","status":"publish","type":"post","link":"https:\/\/diarioregionaldigital.com.br\/?p=204364","title":{"rendered":"Caixa pra Elas registra 21 milh\u00f5es de acessos nos primeiros 30 dias"},"content":{"rendered":"<p>O programa Caixa pra Elas, da Caixa Econ\u00f4mica Federal (CEF), registrou 21 milh\u00f5es de acessos nos primeiros 30 dias. Nesse per\u00edodo, o banco registrou crescimento de 60% em vendas de cart\u00e3o de cr\u00e9dito para mulheres, al\u00e9m de contabilizar seis vezes mais microcr\u00e9dito para o p\u00fablico feminino quando comparado ao m\u00eas anterior.<img decoding=\"async\" src=\"https:\/\/agenciabrasil.ebc.com.br\/ebc.png?id=1482774&amp;o=node\" \/><img decoding=\"async\" src=\"https:\/\/agenciabrasil.ebc.com.br\/ebc.gif?id=1482774&amp;o=node\" \/><\/p>\n<p>O balan\u00e7o foi divulgado hoje (16) pela vice-presidente de Neg\u00f3cios e Varejo da Caixa, Thays Cintra Vieira. Em entrevista ao Rep\u00f3rter Nacional, da\u00a0<strong>R\u00e1dio Nacional<\/strong>, ela lembrou que a proposta do banco \u00e9 reconhecer, apoiar e incentivar o protagonismo feminino. \u201cA gente v\u00ea hoje que a mulher, cada vez mais, busca a sua independ\u00eancia financeira\u201d.<\/p>\n<p>\u201cN\u00e3o buscamos somente ofertar produtos pra elas, n\u00f3s mostramos como ela pode abrir um CNPJ, por exemplo, fazer cursos de educa\u00e7\u00e3o financeira. Aquela mulher que hoje tem um neg\u00f3cio pequeno, \u00e9 uma boleira ou faz festa de anivers\u00e1rio, a gente mostrou que ela pode ter o seu CNPJ, pode aprender um pouco sobre como empreender e a gente traz o cr\u00e9dito na sequ\u00eancia\u201d, explica.<\/p>\n<p>Thays lembrou que, uma vez que a mulher consegue o CNPJ da pr\u00f3pria empresa, como microempreendedora, ela passa a ter acesso a cr\u00e9dito de forma mais f\u00e1cil e a valores muito maiores. A Caixa, segundo a vice-presidente de Neg\u00f3cios e Varejo, aparece nesse cen\u00e1rio como uma esp\u00e9cie de rampa para o crescimento.<\/p>\n<p>\u201cTemos hoje cr\u00e9ditos para aquela empreendedora ainda informal, que pode pegar R$ 1 mil ou R$ 3 mil. Com esse cr\u00e9dito, ela j\u00e1 investe no neg\u00f3cio dela. Uma manicure que queira comprar mais insumos, esmalte, ferramentas. Aumenta a clientela, cresce o neg\u00f3cio, ela tem mais necessidade de cr\u00e9dito e a gente passa a ter uma linha de cr\u00e9dito com valor maior\u201d, disse.<\/p>\n<p><span style=\"font-weight: 400;\">Fonte: Ag\u00eancia Brasil<\/span><\/p>\n","protected":false},"excerpt":{"rendered":"<p>O programa Caixa pra Elas, da Caixa Econ\u00f4mica Federal (CEF), registrou 21 milh\u00f5es de acessos nos primeiros 30 dias. Nesse per\u00edodo, o banco registrou crescimento de 60% em vendas de cart\u00e3o de cr\u00e9dito para mulheres, al\u00e9m de contabilizar seis vezes mais microcr\u00e9dito para o p\u00fablico feminino quando comparado ao m\u00eas anterior. O balan\u00e7o foi divulgado [&hellip;]<\/p>\n","protected":false},"author":246,"featured_media":204365,"comment_status":"closed","ping_status":"closed","sticky":false,"template":"","format":"standard","meta":{"footnotes":""},"categories":[436,261,439],"tags":[],"class_list":["post-204364","post","type-post","status-publish","format-standard","has-post-thumbnail","hentry","category-destaque-da-semana","category-economia","category-ultima-hora"],"_links":{"self":[{"href":"https:\/\/diarioregionaldigital.com.br\/index.php?rest_route=\/wp\/v2\/posts\/204364","targetHints":{"allow":["GET"]}}],"collection":[{"href":"https:\/\/diarioregionaldigital.com.br\/index.php?rest_route=\/wp\/v2\/posts"}],"about":[{"href":"https:\/\/diarioregionaldigital.com.br\/index.php?rest_route=\/wp\/v2\/types\/post"}],"author":[{"embeddable":true,"href":"https:\/\/diarioregionaldigital.com.br\/index.php?rest_route=\/wp\/v2\/users\/246"}],"replies":[{"embeddable":true,"href":"https:\/\/diarioregionaldigital.com.br\/index.php?rest_route=%2Fwp%2Fv2%2Fcomments&post=204364"}],"version-history":[{"count":1,"href":"https:\/\/diarioregionaldigital.com.br\/index.php?rest_route=\/wp\/v2\/posts\/204364\/revisions"}],"predecessor-version":[{"id":204366,"href":"https:\/\/diarioregionaldigital.com.br\/index.php?rest_route=\/wp\/v2\/posts\/204364\/revisions\/204366"}],"wp:featuredmedia":[{"embeddable":true,"href":"https:\/\/diarioregionaldigital.com.br\/index.php?rest_route=\/wp\/v2\/media\/204365"}],"wp:attachment":[{"href":"https:\/\/diarioregionaldigital.com.br\/index.php?rest_route=%2Fwp%2Fv2%2Fmedia&parent=204364"}],"wp:term":[{"taxonomy":"category","embeddable":true,"href":"https:\/\/diarioregionaldigital.com.br\/index.php?rest_route=%2Fwp%2Fv2%2Fcategories&post=204364"},{"taxonomy":"post_tag","embeddable":true,"href":"https:\/\/diarioregionaldigital.com.br\/index.php?rest_route=%2Fwp%2Fv2%2Ftags&post=204364"}],"curies":[{"name":"wp","href":"https:\/\/api.w.org\/{rel}","templated":true}]}}