{"id":204358,"date":"2022-09-16T18:17:27","date_gmt":"2022-09-16T21:17:27","guid":{"rendered":"https:\/\/diarioregionaldigital.com.br\/?p=204358"},"modified":"2022-09-16T18:17:27","modified_gmt":"2022-09-16T21:17:27","slug":"producao-de-motocicletas-cresce-179-em-agosto","status":"publish","type":"post","link":"https:\/\/diarioregionaldigital.com.br\/?p=204358","title":{"rendered":"Produ\u00e7\u00e3o de motocicletas cresce 17,9% em agosto"},"content":{"rendered":"<p>Em agosto, foram produzidas 145.852 motocicletas no Polo Industrial de Manaus, mostra levantamento da Associa\u00e7\u00e3o Brasileira dos Fabricantes de Motocicletas, Ciclomotores, Motonetas, Bicicletas e Similares (Abraciclo). O volume \u00e9 17,9% maior do que o registrado no mesmo m\u00eas do ano passado, quando foram produzidas 123.722 unidades. Tamb\u00e9m \u00e9 39,2% maior na compara\u00e7\u00e3o com julho, que registrou 104.776 unidades.\u00a0<img decoding=\"async\" src=\"https:\/\/agenciabrasil.ebc.com.br\/ebc.png?id=1482848&amp;o=node\" \/><img decoding=\"async\" src=\"https:\/\/agenciabrasil.ebc.com.br\/ebc.gif?id=1482848&amp;o=node\" \/><\/p>\n<p>Segundo a associa\u00e7\u00e3o, este \u00e9 o melhor resultado para agosto desde 2013, quando foram entregues 157.854 motocicletas.<\/p>\n<p>O presidente da Abraciclo, Marcos Fermanian, avalia que essa produ\u00e7\u00e3o deve se refletir nas vendas no varejo em setembro.<\/p>\n<p>No acumulado do ano, sa\u00edram da linha de montagem 921.921 unidades, o que corresponde a uma alta de 17% na compara\u00e7\u00e3o com o mesmo per\u00edodo de 2021. A entidade aponta que \u00e9 o melhor n\u00famero desde 2014, quando a soma do mesmo per\u00edodo ultrapassou 1 milh\u00e3o.<\/p>\n<p>Para o ano, a proje\u00e7\u00e3o da Abraciclo \u00e9 produzir 1,320 milh\u00e3o de motocicletas, uma alta de 10,5% no comparativo com o ano anterior.<\/p>\n<p>Em rela\u00e7\u00e3o \u00e0s vendas no varejo, foram emplacadas 118.545 unidades, que representa uma alta de 15,7% na compara\u00e7\u00e3o com o mesmo m\u00eas de 2021 (102.463 unidades). Na compara\u00e7\u00e3o com o m\u00eas anterior, a alta \u00e9 de 10,3%, quando foram emplacadas pouco mais de 107,4\u00a0mil motocicletas. O modelo mais comprado foi o Street, com 57.791 motocicletas e 48,8% de participa\u00e7\u00e3o no mercado. Em seguida, est\u00e3o o modelo Trail, com 22.637 unidades, e a Motoneta, com 17.844.<\/p>\n<h2>Por regi\u00e3o<\/h2>\n<p>O Sudeste foi a regi\u00e3o que mais emplacou ve\u00edculos, com 45.944 motocicletas, o que equivale a 38,8% do mercado. Em segundo est\u00e1 o Nordeste, com 34.405 unidades e 29% do mercado. Em seguida est\u00e1 o Norte (15.267), Centro-Oeste (11.511) e Sul (11.418).<\/p>\n<p>No acumulado do ano, as tr\u00eas primeiras posi\u00e7\u00f5es se mant\u00eam: Sudeste (334.868), Nordeste (254.903) e Norte (105.434). O Sul ocupa a quarta posi\u00e7\u00e3o, com 85.243 motocicletas, e o Centro-Oeste na quinta, com 82.161 unidades.<\/p>\n<h2>Exporta\u00e7\u00f5es<\/h2>\n<p>Foram exportadas 7.807 motocicletas em agosto, um volume 39,2% maior que o registrado em agosto do ano passado, quando 5.607 unidades foram negociadas. Na compara\u00e7\u00e3o com julho, o aumento \u00e9 de 57,3%, pois o mercado externo adquiriu 4.962 motocicletas.<\/p>\n<p>O principal mercado \u00e9 a Col\u00f4mbia, com aquisi\u00e7\u00e3o de 1.436 unidades, ou 25,7% do total embarcado. Os Estados Unidos ocupam a segunda posi\u00e7\u00e3o, com 1.386 unidades, seguidos pelo Canad\u00e1 (926).<\/p>\n<p><span style=\"font-weight: 400;\">Fonte: Ag\u00eancia Brasil<\/span><\/p>\n","protected":false},"excerpt":{"rendered":"<p>Em agosto, foram produzidas 145.852 motocicletas no Polo Industrial de Manaus, mostra levantamento da Associa\u00e7\u00e3o Brasileira dos Fabricantes de Motocicletas, Ciclomotores, Motonetas, Bicicletas e Similares (Abraciclo). O volume \u00e9 17,9% maior do que o registrado no mesmo m\u00eas do ano passado, quando foram produzidas 123.722 unidades. Tamb\u00e9m \u00e9 39,2% maior na compara\u00e7\u00e3o com julho, que [&hellip;]<\/p>\n","protected":false},"author":246,"featured_media":204359,"comment_status":"closed","ping_status":"closed","sticky":false,"template":"","format":"standard","meta":{"footnotes":""},"categories":[436,261,439],"tags":[],"class_list":["post-204358","post","type-post","status-publish","format-standard","has-post-thumbnail","hentry","category-destaque-da-semana","category-economia","category-ultima-hora"],"_links":{"self":[{"href":"https:\/\/diarioregionaldigital.com.br\/index.php?rest_route=\/wp\/v2\/posts\/204358","targetHints":{"allow":["GET"]}}],"collection":[{"href":"https:\/\/diarioregionaldigital.com.br\/index.php?rest_route=\/wp\/v2\/posts"}],"about":[{"href":"https:\/\/diarioregionaldigital.com.br\/index.php?rest_route=\/wp\/v2\/types\/post"}],"author":[{"embeddable":true,"href":"https:\/\/diarioregionaldigital.com.br\/index.php?rest_route=\/wp\/v2\/users\/246"}],"replies":[{"embeddable":true,"href":"https:\/\/diarioregionaldigital.com.br\/index.php?rest_route=%2Fwp%2Fv2%2Fcomments&post=204358"}],"version-history":[{"count":1,"href":"https:\/\/diarioregionaldigital.com.br\/index.php?rest_route=\/wp\/v2\/posts\/204358\/revisions"}],"predecessor-version":[{"id":204360,"href":"https:\/\/diarioregionaldigital.com.br\/index.php?rest_route=\/wp\/v2\/posts\/204358\/revisions\/204360"}],"wp:featuredmedia":[{"embeddable":true,"href":"https:\/\/diarioregionaldigital.com.br\/index.php?rest_route=\/wp\/v2\/media\/204359"}],"wp:attachment":[{"href":"https:\/\/diarioregionaldigital.com.br\/index.php?rest_route=%2Fwp%2Fv2%2Fmedia&parent=204358"}],"wp:term":[{"taxonomy":"category","embeddable":true,"href":"https:\/\/diarioregionaldigital.com.br\/index.php?rest_route=%2Fwp%2Fv2%2Fcategories&post=204358"},{"taxonomy":"post_tag","embeddable":true,"href":"https:\/\/diarioregionaldigital.com.br\/index.php?rest_route=%2Fwp%2Fv2%2Ftags&post=204358"}],"curies":[{"name":"wp","href":"https:\/\/api.w.org\/{rel}","templated":true}]}}