{"id":204355,"date":"2022-09-16T18:15:29","date_gmt":"2022-09-16T21:15:29","guid":{"rendered":"https:\/\/diarioregionaldigital.com.br\/?p=204355"},"modified":"2022-09-16T18:15:29","modified_gmt":"2022-09-16T21:15:29","slug":"faturamento-do-turismo-brasileiro-cresce-32-em-julho","status":"publish","type":"post","link":"https:\/\/diarioregionaldigital.com.br\/?p=204355","title":{"rendered":"Faturamento do turismo brasileiro cresce 32% em julho"},"content":{"rendered":"<p>O\u00a0turismo brasileiro faturou R$ 18,3 bilh\u00f5es em julho, informou\u00a0hoje\u00a0(16) o Conselho de Turismo da Federa\u00e7\u00e3o do Com\u00e9rcio de Bens, Servi\u00e7os e Turismo do Estado de S\u00e3o Paulo (FecomercioSP). Segundo a federa\u00e7\u00e3o, isso significou crescimento de 32,1% em rela\u00e7\u00e3o ao mesmo per\u00edodo do ano passado e o resultado foi impulsionado pelas f\u00e9rias escolares.\u00a0<img decoding=\"async\" src=\"https:\/\/agenciabrasil.ebc.com.br\/ebc.png?id=1482861&amp;o=node\" \/><img decoding=\"async\" src=\"https:\/\/agenciabrasil.ebc.com.br\/ebc.gif?id=1482861&amp;o=node\" \/><\/p>\n<p>Em compara\u00e7\u00e3o a julho de 2019, antes da pandemia de covid-19, o faturamento foi\u00a02% inferior.<\/p>\n<p>O segmento que mais contribuiu para a alta do turismo no m\u00eas\u00a0de julho\u00a0foi o\u00a0do transporte a\u00e9reo, que cresceu 86,8% no comparativo anual, seguido pelos servi\u00e7os de alojamento e alimenta\u00e7\u00e3o (22%) e pelas atividades culturais, recreativas e esportivas (18,8%).<\/p>\n<p>Em valores absolutos, o setor de transporte a\u00e9reo contribuiu com R$ 6,2 bilh\u00f5es desse total de faturamento do setor.\u00a0J\u00e1 os servi\u00e7os de alojamento e alimenta\u00e7\u00e3o faturaram R$ 5,2 bilh\u00f5es. O setor de transporte terrestre, composto por \u00f4nibus intermunicipal, interestadual e internacional, al\u00e9m de trens tur\u00edsticos,\u00a0somou R$ 2,9 bilh\u00f5es.<\/p>\n<p>Em seguida apareceram os segmentos de loca\u00e7\u00e3o de ve\u00edculos, ag\u00eancias e operadoras de turismo (faturamento de R$ 2,7 bilh\u00f5es em julho);\u00a0de atividades culturais, recreativas e esportivas (R$ 1,27 bilh\u00e3o); e de transporte aquavi\u00e1rio (R$ 49 milh\u00f5es).<\/p>\n<p><span style=\"font-weight: 400;\">Fonte: Ag\u00eancia Brasil<\/span><\/p>\n","protected":false},"excerpt":{"rendered":"<p>O\u00a0turismo brasileiro faturou R$ 18,3 bilh\u00f5es em julho, informou\u00a0hoje\u00a0(16) o Conselho de Turismo da Federa\u00e7\u00e3o do Com\u00e9rcio de Bens, Servi\u00e7os e Turismo do Estado de S\u00e3o Paulo (FecomercioSP). Segundo a federa\u00e7\u00e3o, isso significou crescimento de 32,1% em rela\u00e7\u00e3o ao mesmo per\u00edodo do ano passado e o resultado foi impulsionado pelas f\u00e9rias escolares.\u00a0 Em compara\u00e7\u00e3o a [&hellip;]<\/p>\n","protected":false},"author":246,"featured_media":204356,"comment_status":"closed","ping_status":"closed","sticky":false,"template":"","format":"standard","meta":{"footnotes":""},"categories":[436,440,261,439],"tags":[],"class_list":["post-204355","post","type-post","status-publish","format-standard","has-post-thumbnail","hentry","category-destaque-da-semana","category-destaques-do-dia","category-economia","category-ultima-hora"],"_links":{"self":[{"href":"https:\/\/diarioregionaldigital.com.br\/index.php?rest_route=\/wp\/v2\/posts\/204355","targetHints":{"allow":["GET"]}}],"collection":[{"href":"https:\/\/diarioregionaldigital.com.br\/index.php?rest_route=\/wp\/v2\/posts"}],"about":[{"href":"https:\/\/diarioregionaldigital.com.br\/index.php?rest_route=\/wp\/v2\/types\/post"}],"author":[{"embeddable":true,"href":"https:\/\/diarioregionaldigital.com.br\/index.php?rest_route=\/wp\/v2\/users\/246"}],"replies":[{"embeddable":true,"href":"https:\/\/diarioregionaldigital.com.br\/index.php?rest_route=%2Fwp%2Fv2%2Fcomments&post=204355"}],"version-history":[{"count":1,"href":"https:\/\/diarioregionaldigital.com.br\/index.php?rest_route=\/wp\/v2\/posts\/204355\/revisions"}],"predecessor-version":[{"id":204357,"href":"https:\/\/diarioregionaldigital.com.br\/index.php?rest_route=\/wp\/v2\/posts\/204355\/revisions\/204357"}],"wp:featuredmedia":[{"embeddable":true,"href":"https:\/\/diarioregionaldigital.com.br\/index.php?rest_route=\/wp\/v2\/media\/204356"}],"wp:attachment":[{"href":"https:\/\/diarioregionaldigital.com.br\/index.php?rest_route=%2Fwp%2Fv2%2Fmedia&parent=204355"}],"wp:term":[{"taxonomy":"category","embeddable":true,"href":"https:\/\/diarioregionaldigital.com.br\/index.php?rest_route=%2Fwp%2Fv2%2Fcategories&post=204355"},{"taxonomy":"post_tag","embeddable":true,"href":"https:\/\/diarioregionaldigital.com.br\/index.php?rest_route=%2Fwp%2Fv2%2Ftags&post=204355"}],"curies":[{"name":"wp","href":"https:\/\/api.w.org\/{rel}","templated":true}]}}