{"id":204346,"date":"2022-09-15T22:56:02","date_gmt":"2022-09-16T01:56:02","guid":{"rendered":"https:\/\/diarioregionaldigital.com.br\/?p=204346"},"modified":"2022-09-15T22:56:02","modified_gmt":"2022-09-16T01:56:02","slug":"smu-realiza-interdicoes-de-vias-para-realizacao-de-obras-a-partir-desta-segunda-19","status":"publish","type":"post","link":"https:\/\/diarioregionaldigital.com.br\/?p=204346","title":{"rendered":"SMU realiza interdi\u00e7\u00f5es de vias para realiza\u00e7\u00e3o de obras a partir desta segunda, 19"},"content":{"rendered":"<p>Segundo informa\u00e7\u00f5es do site da Prefeitura de Juiz de Fora (PJF), a Secretaria de Mobilidade Urbana (SMU) da Prefeitura de Juiz de Fora (PJF), informa que a partir da pr\u00f3xima segunda, 19, ocorrer\u00e3o interdi\u00e7\u00f5es de vias para realiza\u00e7\u00e3o de obras que ir\u00e3o contribuir para melhoria de vida dos juiz-foranos<\/p>\n<p>Ser\u00e1 realizada a substitui\u00e7\u00e3o de Rede de \u00c1gua no bairro Bonfim, na Rua Alvino Ferreira Toledo, entre as Ruas Am\u00e9rico Lobo e Bar\u00e3o do Retiro. A obra trar\u00e1 a\u00a0 remodela\u00e7\u00e3o de mais de 160 metros de rede de \u00e1gua da rua, recebendo, tamb\u00e9m, novos tubos de PVC, com 60 mil\u00edmetros de di\u00e2metro.<\/p>\n<p>A obra ter\u00e1 in\u00edcio na segunda, 19, e devido aos trabalhos no local haver\u00e1 interdi\u00e7\u00e3o total das vias citadas acima, das 8h at\u00e9 \u00e0s 17h, todos os dias at\u00e9 o t\u00e9rmino das obras, que est\u00e1 previsto para o final do m\u00eas. Devido a isso, o itiner\u00e1rio da linha\u00a0<strong>208 &#8211; Progresso<\/strong>\u00a0ser\u00e1 alterado e n\u00e3o ir\u00e1 circular no bairro. A\u00a0linha\u00a0<strong>259 &#8211; Santa Paula\/Av.Rio Branco<\/strong><strong>,\u00a0<\/strong>entretanto,<strong>\u00a0<\/strong>seguir\u00e1\u00a0com o\u00a0itiner\u00e1rio\u00a0e atendimento\u00a0normalizado.<\/p>\n<p>Outra realiza\u00e7\u00e3o da Prefeitura de Juiz de Fora (PJF) \u00e9 a continua\u00e7\u00e3o dos\u00a0trabalhos para refor\u00e7ar os\u00a0<a href=\"https:\/\/cesama.com.br\/noticia\/bairro-santa-c-ndida-recebe-mais-390-metros-de-redes-de-esgoto-remodeladas\"><strong>servi\u00e7os de coleta de esgoto no bairro Santa C\u00e2ndida<\/strong><\/a>. A partir da pr\u00f3xima\u00a0segunda, 19, haver\u00e1 interdi\u00e7\u00e3o total da Rua Pedro Paulo Vieira, entre as Ruas Ivanilda Aparecida da Silva e Jorge Raimundo, at\u00e9 o dia 14 de outubroo, devido a remodela\u00e7\u00e3o da rede de esgoto no local.<\/p>\n<p>Devido \u00e0s interdi\u00e7\u00f5es nos bairros, ser\u00e3o disponibilizados itiner\u00e1rios alternativos do transporte coletivo<\/p>\n<p><strong>Bairro Bonfim:\u00a0<\/strong>208 \u2013 Progresso<\/p>\n<p><strong>&#8211; Sentido Centro\/Bairro: &#8230;Rua Bar\u00e3o do Retiro, Rua Danilo Breviglieri, Rua Am\u00e9rico Lobo&#8230;<\/strong><\/p>\n<p><strong>&#8211; Sentido Bairro\/Centro: &#8230;Rua Augusto Stoppa, Rua Am\u00e9rico Lobo&#8230;<\/strong><\/p>\n<p><strong>Obs:<\/strong>\u00a0A linha 208 &#8211; Progresso deixar\u00e1 de atender ao Bairro Bonfim durante as obras.<\/p>\n<p><strong>Bairro Santa C\u00e2ndida:\u00a0<\/strong>422 \u2013 Santa C\u00e2ndida<\/p>\n<p><strong>&#8211; Sentido Centro\/Bairro:\u00a0<\/strong>&#8230;Rua Dante Bellei, Rua Jorge Raimundo (Ponto Final).<\/p>\n<p><strong>&#8211; Sentido Bairro\/Centro:\u00a0<\/strong>&#8230;(Ponto Final) Rua Jorge Raimundo, Rua Jo\u00e3o Salvi, Rua Pedro Paulo Vieira, Rua Ademir Pedretti dos Santos&#8230;<\/p>\n","protected":false},"excerpt":{"rendered":"<p>Segundo informa\u00e7\u00f5es do site da Prefeitura de Juiz de Fora (PJF), a Secretaria de Mobilidade Urbana (SMU) da Prefeitura de Juiz de Fora (PJF), informa que a partir da pr\u00f3xima segunda, 19, ocorrer\u00e3o interdi\u00e7\u00f5es de vias para realiza\u00e7\u00e3o de obras que ir\u00e3o contribuir para melhoria de vida dos juiz-foranos Ser\u00e1 realizada a substitui\u00e7\u00e3o de Rede [&hellip;]<\/p>\n","protected":false},"author":246,"featured_media":204347,"comment_status":"closed","ping_status":"closed","sticky":false,"template":"","format":"standard","meta":{"footnotes":""},"categories":[253,436,439],"tags":[],"class_list":["post-204346","post","type-post","status-publish","format-standard","has-post-thumbnail","hentry","category-cidade","category-destaque-da-semana","category-ultima-hora"],"_links":{"self":[{"href":"https:\/\/diarioregionaldigital.com.br\/index.php?rest_route=\/wp\/v2\/posts\/204346","targetHints":{"allow":["GET"]}}],"collection":[{"href":"https:\/\/diarioregionaldigital.com.br\/index.php?rest_route=\/wp\/v2\/posts"}],"about":[{"href":"https:\/\/diarioregionaldigital.com.br\/index.php?rest_route=\/wp\/v2\/types\/post"}],"author":[{"embeddable":true,"href":"https:\/\/diarioregionaldigital.com.br\/index.php?rest_route=\/wp\/v2\/users\/246"}],"replies":[{"embeddable":true,"href":"https:\/\/diarioregionaldigital.com.br\/index.php?rest_route=%2Fwp%2Fv2%2Fcomments&post=204346"}],"version-history":[{"count":1,"href":"https:\/\/diarioregionaldigital.com.br\/index.php?rest_route=\/wp\/v2\/posts\/204346\/revisions"}],"predecessor-version":[{"id":204348,"href":"https:\/\/diarioregionaldigital.com.br\/index.php?rest_route=\/wp\/v2\/posts\/204346\/revisions\/204348"}],"wp:featuredmedia":[{"embeddable":true,"href":"https:\/\/diarioregionaldigital.com.br\/index.php?rest_route=\/wp\/v2\/media\/204347"}],"wp:attachment":[{"href":"https:\/\/diarioregionaldigital.com.br\/index.php?rest_route=%2Fwp%2Fv2%2Fmedia&parent=204346"}],"wp:term":[{"taxonomy":"category","embeddable":true,"href":"https:\/\/diarioregionaldigital.com.br\/index.php?rest_route=%2Fwp%2Fv2%2Fcategories&post=204346"},{"taxonomy":"post_tag","embeddable":true,"href":"https:\/\/diarioregionaldigital.com.br\/index.php?rest_route=%2Fwp%2Fv2%2Ftags&post=204346"}],"curies":[{"name":"wp","href":"https:\/\/api.w.org\/{rel}","templated":true}]}}