{"id":204343,"date":"2022-09-15T22:54:24","date_gmt":"2022-09-16T01:54:24","guid":{"rendered":"https:\/\/diarioregionaldigital.com.br\/?p=204343"},"modified":"2022-09-15T22:54:24","modified_gmt":"2022-09-16T01:54:24","slug":"vacinacao-antirrabica-e-aplicada-em-posto-itinerante-no-role-da-cidadania","status":"publish","type":"post","link":"https:\/\/diarioregionaldigital.com.br\/?p=204343","title":{"rendered":"Vacina\u00e7\u00e3o antirr\u00e1bica \u00e9 aplicada em posto itinerante no Rol\u00ea da Cidadania"},"content":{"rendered":"<p>Segundo informa\u00e7\u00f5es do site da Prefeitura de Juiz de Fora (PJF), em busca de manter a raiva afastada do munic\u00edpio, a Prefeitura de Juiz de Fora (PJF) realiza a\u00a0<strong>Vacina\u00e7\u00e3o Antirr\u00e1bica Animal na Zona Urbana<\/strong>. Nas sextas-feiras de setembro, localidades diversas receber\u00e3o, de 14h \u00e0s 19h, um posto de imuniza\u00e7\u00e3o.<\/p>\n<p>No pr\u00f3ximo dia 16 de setembro, os tutores podem levar seus bichinhos \u00e0 Pra\u00e7a Teot\u00f4nio Vilela, no bairro Vitorino Braga, onde acontece o\u00a0<a href=\"https:\/\/www.pjf.mg.gov.br\/noticias\/view.php?modo=link2&amp;idnoticia2=76965\"><strong>segundo Rol\u00ea da Cidadania<\/strong><\/a>. A iniciativa vai levar atividades recreativas e culturais, al\u00e9m de servi\u00e7os como vacina\u00e7\u00e3o e atendimentos sociais.<\/p>\n<p><strong>O Dia D da Campanha de Vacina\u00e7\u00e3o Antirr\u00e1bica na Zona Urbana foi readequado devido \u00e0\u00a0<\/strong><a href=\"https:\/\/www.pjf.mg.gov.br\/noticias\/view.php?modo=link2&amp;idnoticia2=76864\"><strong>prorroga\u00e7\u00e3o da Campanha de Vacina\u00e7\u00e3o Contra a Poliomielite e Multivacina\u00e7\u00e3o para atualiza\u00e7\u00e3o vacinal de crian\u00e7as e adolescentes<\/strong><\/a><strong>\u00a0e ser\u00e1 realizado no dia 15 de Outubro.\u00a0<\/strong><\/p>\n<p>A vacina antirr\u00e1bica \u00e9 indicada para c\u00e3es e gatos, a partir de tr\u00eas meses de idade, sendo recomendada uma dose ao ano. A vacina\u00e7\u00e3o antirr\u00e1bica animal representa a a\u00e7\u00e3o mais importante na preven\u00e7\u00e3o do aparecimento da doen\u00e7a; seguindo orienta\u00e7\u00e3o do Minist\u00e9rio da Sa\u00fade (MS), a Secretaria Municipal de Sa\u00fade realiza a vacina\u00e7\u00e3o de c\u00e3es e gatos, em fun\u00e7\u00e3o destes animais serem principais transmissores da raiva para o ser humano. Recomendamos aos propriet\u00e1rios de bovinos, equinos, caprinos, ovinos e su\u00ednos, que adquiram a vacina e realizem a vacina\u00e7\u00e3o de todos os seus animais, uma vez que a raiva \u00e9 uma doen\u00e7a transmitida por mam\u00edferos.<\/p>\n<p>Em rela\u00e7\u00e3o \u00e0 situa\u00e7\u00e3o epidemiol\u00f3gica da doen\u00e7a no munic\u00edpio, cabe destacar que n\u00e3o registramos casos de raiva em c\u00e3es e gatos desde o ano de 1998. Em contrapartida, s\u00e3o registrados casos de raiva em bovinos e equinos, frequentemente na zona rural, transmitida principalmente por morcegos hemat\u00f3fagos.<\/p>\n<p>A raiva \u00e9 uma zoonose causada por v\u00edrus e transmitida por mam\u00edferos, principalmente c\u00e3es e gatos, cabendo destacar que a transmiss\u00e3o ao homem tamb\u00e9m pode ocorrer atrav\u00e9s de equinos e bovinos, animais silvestres\/morcegos, principalmente na zona rural. A transmiss\u00e3o ocorre atrav\u00e9s de mordeduras, arranhaduras e lambeduras de mucosas, em fun\u00e7\u00e3o do v\u00edrus estar presente na saliva dos animais contaminados.<\/p>\n<p>O Hospital de Pronto Socorro (HPS) \u00e9 o local de refer\u00eancia em Juiz de Fora em casos de mordidas\/arranh\u00f5es de c\u00e3es, gatos e outros animais possivelmente contaminados. O servi\u00e7o de soroterapia do HPS \u00e9 refer\u00eancia no tratamento antirr\u00e1bico na regi\u00e3o, para que se avalie a necessidade de aplica\u00e7\u00e3o de vacina e\/ou soro antirr\u00e1bico. Esse \u00e9 um procedimento que representa outra importante a\u00e7\u00e3o na preven\u00e7\u00e3o da doen\u00e7a, al\u00e9m da vacina\u00e7\u00e3o dos animais.<\/p>\n","protected":false},"excerpt":{"rendered":"<p>Segundo informa\u00e7\u00f5es do site da Prefeitura de Juiz de Fora (PJF), em busca de manter a raiva afastada do munic\u00edpio, a Prefeitura de Juiz de Fora (PJF) realiza a\u00a0Vacina\u00e7\u00e3o Antirr\u00e1bica Animal na Zona Urbana. Nas sextas-feiras de setembro, localidades diversas receber\u00e3o, de 14h \u00e0s 19h, um posto de imuniza\u00e7\u00e3o. No pr\u00f3ximo dia 16 de setembro, [&hellip;]<\/p>\n","protected":false},"author":246,"featured_media":204344,"comment_status":"closed","ping_status":"closed","sticky":false,"template":"","format":"standard","meta":{"footnotes":""},"categories":[253,436,439],"tags":[],"class_list":["post-204343","post","type-post","status-publish","format-standard","has-post-thumbnail","hentry","category-cidade","category-destaque-da-semana","category-ultima-hora"],"_links":{"self":[{"href":"https:\/\/diarioregionaldigital.com.br\/index.php?rest_route=\/wp\/v2\/posts\/204343","targetHints":{"allow":["GET"]}}],"collection":[{"href":"https:\/\/diarioregionaldigital.com.br\/index.php?rest_route=\/wp\/v2\/posts"}],"about":[{"href":"https:\/\/diarioregionaldigital.com.br\/index.php?rest_route=\/wp\/v2\/types\/post"}],"author":[{"embeddable":true,"href":"https:\/\/diarioregionaldigital.com.br\/index.php?rest_route=\/wp\/v2\/users\/246"}],"replies":[{"embeddable":true,"href":"https:\/\/diarioregionaldigital.com.br\/index.php?rest_route=%2Fwp%2Fv2%2Fcomments&post=204343"}],"version-history":[{"count":1,"href":"https:\/\/diarioregionaldigital.com.br\/index.php?rest_route=\/wp\/v2\/posts\/204343\/revisions"}],"predecessor-version":[{"id":204345,"href":"https:\/\/diarioregionaldigital.com.br\/index.php?rest_route=\/wp\/v2\/posts\/204343\/revisions\/204345"}],"wp:featuredmedia":[{"embeddable":true,"href":"https:\/\/diarioregionaldigital.com.br\/index.php?rest_route=\/wp\/v2\/media\/204344"}],"wp:attachment":[{"href":"https:\/\/diarioregionaldigital.com.br\/index.php?rest_route=%2Fwp%2Fv2%2Fmedia&parent=204343"}],"wp:term":[{"taxonomy":"category","embeddable":true,"href":"https:\/\/diarioregionaldigital.com.br\/index.php?rest_route=%2Fwp%2Fv2%2Fcategories&post=204343"},{"taxonomy":"post_tag","embeddable":true,"href":"https:\/\/diarioregionaldigital.com.br\/index.php?rest_route=%2Fwp%2Fv2%2Ftags&post=204343"}],"curies":[{"name":"wp","href":"https:\/\/api.w.org\/{rel}","templated":true}]}}