{"id":204339,"date":"2022-09-15T22:52:49","date_gmt":"2022-09-16T01:52:49","guid":{"rendered":"https:\/\/diarioregionaldigital.com.br\/?p=204339"},"modified":"2022-09-15T22:52:49","modified_gmt":"2022-09-16T01:52:49","slug":"caravana-de-historias-realiza-mais-uma-apresentacao-inclusiva-do-espetaculo-pedepoesia","status":"publish","type":"post","link":"https:\/\/diarioregionaldigital.com.br\/?p=204339","title":{"rendered":"Caravana de Hist\u00f3rias realiza mais uma apresenta\u00e7\u00e3o inclusiva do espet\u00e1culo Pedepoesia"},"content":{"rendered":"<p>Segundo informa\u00e7\u00f5es do site da Prefeitura de Juiz de Fora (PJF), o\u00a0grupo Caravana de Hist\u00f3rias da Secretaria de Educa\u00e7\u00e3o (SE) realiza na pr\u00f3xima ter\u00e7a-feira, 20, \u00e0s 19h no Teatro Paschoal Carlos Magno, mais uma apresenta\u00e7\u00e3o do espet\u00e1culo Pedepoesia<strong>.\u00a0<\/strong>O evento faz parte da programa\u00e7\u00e3o da Semana de Luta da Pessoa com Defici\u00eancia, sendo uma pe\u00e7a inclusiva que conta com Audiodescri\u00e7\u00e3o e Libras.<\/p>\n<p>A pe\u00e7a tem a dire\u00e7\u00e3o musical do maestro Guto Cimino e a dire\u00e7\u00e3o geral do professor Cristiano Fernandes. Fludualdo Talis e Rita Matheus, elaboraram a audiodescri\u00e7\u00e3o, e Raquel Motta, a tradu\u00e7\u00e3o e interpreta\u00e7\u00e3o em Libras. A entrada \u00e9 gratuita e os ingressos podem ser retirados no local 30 minutos antes do in\u00edcio da apresenta\u00e7\u00e3o.<\/p>\n<p><strong>Sobre o Grupo<\/strong><\/p>\n<p>O grupo \u201cCaravana de Hist\u00f3rias&#8221; comp\u00f5e uma das a\u00e7\u00f5es do \u201cPrograma Arte\/Educa\u00e7\u00e3o da Rede Municipal\u201d, e \u00e9 desenvolvido pelo Departamento de Planejamento Pedag\u00f3gico e de Forma\u00e7\u00e3o, por meio da Supervis\u00e3o de Projetos de Artes, Cultura e Cidadania, sendo um desdobramento da proposta de forma\u00e7\u00e3o continuada \u201cLeitura e Conta\u00e7\u00e3o de Hist\u00f3rias\u201d, iniciada em 2014, com o intuito de estimular a pr\u00e1tica art\u00edstica da conta\u00e7\u00e3o de hist\u00f3rias no cotidiano das escolas.<\/p>\n<p>De 2015 a 2019, o grupo montou quatro espet\u00e1culos: \u201cSe Bicho eu Pudesse ser\u201d, \u201cVelhos Tempos de mim: saberes e sabores da inf\u00e2ncia\u201d, \u201cQuer Saber se Quero Outra Vida?\u201d e \u201cPedepoesia\u201d. Essas montagens foram apresentadas no Centro de Forma\u00e7\u00e3o do Professor, em escolas, festivais de teatro e outros eventos culturais de Juiz de Fora e da regi\u00e3o. Desde ent\u00e3o, o grupo conta, canta e interpreta hist\u00f3rias, contos, can\u00e7\u00f5es e poemas, fazendo um passeio l\u00fadico pelo mundo da literatura e de outras artes, com magia e encantamento. E a partir de 2020, devido \u00e0 pandemia, o grupo come\u00e7ou a se apresentar em lives no seu perfil no Instagram (@caravanadehistorias) e no canal do YouTube da Secretaria de Educa\u00e7\u00e3o. Desde 2021 o grupo voltou aos palcos com apresenta\u00e7\u00f5es emocionantes.<br \/>\n<strong>Outras informa\u00e7\u00f5es podem ser obtidas por meio das m\u00eddias sociais ou e-mail do grupo:<\/strong><\/p>\n<p><a href=\"https:\/\/instagram.com\/caravanadehistorias?igshid=1l024omxrzt0x\"><strong>Instagram: @caravanadehistorias<\/strong><\/a><\/p>\n<p><a href=\"https:\/\/www.facebook.com\/groups\/465667220251356\"><strong>Facebook: Caravana de Hist\u00f3rias<\/strong><\/a><\/p>\n<p>E-mail: caravanadehistoriasjf@gmail.com<\/p>\n<p><strong>Audiodescri\u00e7\u00e3o e Libras no Teatro<\/strong><\/p>\n","protected":false},"excerpt":{"rendered":"<p>Segundo informa\u00e7\u00f5es do site da Prefeitura de Juiz de Fora (PJF), o\u00a0grupo Caravana de Hist\u00f3rias da Secretaria de Educa\u00e7\u00e3o (SE) realiza na pr\u00f3xima ter\u00e7a-feira, 20, \u00e0s 19h no Teatro Paschoal Carlos Magno, mais uma apresenta\u00e7\u00e3o do espet\u00e1culo Pedepoesia.\u00a0O evento faz parte da programa\u00e7\u00e3o da Semana de Luta da Pessoa com Defici\u00eancia, sendo uma pe\u00e7a inclusiva [&hellip;]<\/p>\n","protected":false},"author":246,"featured_media":204340,"comment_status":"closed","ping_status":"closed","sticky":false,"template":"","format":"standard","meta":{"footnotes":""},"categories":[253,436,439],"tags":[],"class_list":["post-204339","post","type-post","status-publish","format-standard","has-post-thumbnail","hentry","category-cidade","category-destaque-da-semana","category-ultima-hora"],"_links":{"self":[{"href":"https:\/\/diarioregionaldigital.com.br\/index.php?rest_route=\/wp\/v2\/posts\/204339","targetHints":{"allow":["GET"]}}],"collection":[{"href":"https:\/\/diarioregionaldigital.com.br\/index.php?rest_route=\/wp\/v2\/posts"}],"about":[{"href":"https:\/\/diarioregionaldigital.com.br\/index.php?rest_route=\/wp\/v2\/types\/post"}],"author":[{"embeddable":true,"href":"https:\/\/diarioregionaldigital.com.br\/index.php?rest_route=\/wp\/v2\/users\/246"}],"replies":[{"embeddable":true,"href":"https:\/\/diarioregionaldigital.com.br\/index.php?rest_route=%2Fwp%2Fv2%2Fcomments&post=204339"}],"version-history":[{"count":2,"href":"https:\/\/diarioregionaldigital.com.br\/index.php?rest_route=\/wp\/v2\/posts\/204339\/revisions"}],"predecessor-version":[{"id":204342,"href":"https:\/\/diarioregionaldigital.com.br\/index.php?rest_route=\/wp\/v2\/posts\/204339\/revisions\/204342"}],"wp:featuredmedia":[{"embeddable":true,"href":"https:\/\/diarioregionaldigital.com.br\/index.php?rest_route=\/wp\/v2\/media\/204340"}],"wp:attachment":[{"href":"https:\/\/diarioregionaldigital.com.br\/index.php?rest_route=%2Fwp%2Fv2%2Fmedia&parent=204339"}],"wp:term":[{"taxonomy":"category","embeddable":true,"href":"https:\/\/diarioregionaldigital.com.br\/index.php?rest_route=%2Fwp%2Fv2%2Fcategories&post=204339"},{"taxonomy":"post_tag","embeddable":true,"href":"https:\/\/diarioregionaldigital.com.br\/index.php?rest_route=%2Fwp%2Fv2%2Ftags&post=204339"}],"curies":[{"name":"wp","href":"https:\/\/api.w.org\/{rel}","templated":true}]}}