{"id":204336,"date":"2022-09-15T22:50:49","date_gmt":"2022-09-16T01:50:49","guid":{"rendered":"https:\/\/diarioregionaldigital.com.br\/?p=204336"},"modified":"2022-09-15T22:50:49","modified_gmt":"2022-09-16T01:50:49","slug":"farmacia-central-retoma-trabalhos-em-novo-endereco","status":"publish","type":"post","link":"https:\/\/diarioregionaldigital.com.br\/?p=204336","title":{"rendered":"Farm\u00e1cia Central retoma trabalhos em novo endere\u00e7o"},"content":{"rendered":"<p>Segundo informa\u00e7\u00f5es do site da Prefeitura de Juiz de Fora (PJF), a Prefeitura de Juiz de Fora (PJF), buscando melhorar e humanizar ainda mais o atendimento \u00e0 popula\u00e7\u00e3o, reabriu nesta quinta-feira, 15, a Farm\u00e1cia Central em novo endere\u00e7o, na Avenida Presidente Itamar Franco, 982, Centro (pr\u00f3ximo ao Procon).<\/p>\n<p>Este novo espa\u00e7o foi pensado e planejado para oferecer aos usu\u00e1rios o cuidado farmac\u00eautico, alinhado com as novas perspectivas do Minist\u00e9rio da Sa\u00fade. Resguardando a privacidade do atendido, o local conta com salas para o atendimento farmac\u00eautico e abertura de processos para as insulinas an\u00e1logas, otimiza\u00e7\u00e3o do setor administrativo e de armazenagem dos medicamentos, garantindo os crit\u00e9rios de seguran\u00e7a e qualidade para uma assist\u00eancia efetiva \u00e0 popula\u00e7\u00e3o.<\/p>\n<p>Segundo o secret\u00e1rio de sa\u00fade, Ivan Chebli, \u201cesse novo espa\u00e7o da Farm\u00e1cia Central atende de maneira extremamente satisfat\u00f3ria, n\u00e3o s\u00f3 aos usu\u00e1rios, em condi\u00e7\u00f5es muito mais humanizadas, mas tamb\u00e9m os trabalhadores de sa\u00fade, que v\u00e3o dispor de um ambiente acolhedor, acess\u00edvel, bem organizado, onde a popula\u00e7\u00e3o ter\u00e1 diariamente muito mais conforto para receber os medicamentos necess\u00e1rios para sua aten\u00e7\u00e3o integral \u00e0 sa\u00fade. \u00c9 um esfor\u00e7o da PJF em melhorar todos os ambientes de acolhimento aos usu\u00e1rios, em todas as unidades de sa\u00fade, com o objetivo de humanizar esse atendimento e acolher com dignidade nossos usu\u00e1rios\u201d.<\/p>\n<p>A ouvidora Municipal de Sa\u00fade, Samantha Borchear, destaca que o espa\u00e7o \u201c\u00e9 mais adaptado para as pessoas terem acesso, continua na regi\u00e3o central, que \u00e9 uma demanda que n\u00e3o pode deixar de ser considerada, est\u00e1 bem alojada, os servidores est\u00e3o bem alocados aqui. N\u00f3s queremos que funcione e tenha rem\u00e9dio para a popula\u00e7\u00e3o. Um agradecimento especial \u00e0 administra\u00e7\u00e3o por ter uma vis\u00e3o acolhedora, humanizada da assist\u00eancia \u00e0 sa\u00fade e do acolhimento ao cidad\u00e3o que depende do acesso \u00e0 assist\u00eancia farmac\u00eautica no munic\u00edpio\u201d.<\/p>\n<p>A Farm\u00e1cia Central realiza em m\u00e9dia 5.500 atendimentos por m\u00eas, possuindo em sua Rela\u00e7\u00e3o Municipal de Medicamentos (Remume) 141 apresenta\u00e7\u00f5es farmac\u00eauticas de medicamentos para tratamento de diversas patologias, sendo 24 pertencentes ao grupo da sa\u00fade mental e 118 do componente b\u00e1sico da Assist\u00eancia Farmac\u00eautica.<\/p>\n<p>Conforme o\u00a0farmac\u00eautico cl\u00ednico da Farm\u00e1cia Central, Thiago Soares Pires, \u201cesse novo espa\u00e7o traz as diretrizes que o Minist\u00e9rio da Sa\u00fade preconiza. Teremos o consult\u00f3rio farmac\u00eautico; a sala do componente especializado, onde realizamos o atendimento das insulinas an\u00e1logas fornecidas pela Secretaria de Estado de Sa\u00fade (SES\/MG) em parceria com a Secretaria de Sa\u00fade (SS); e tamb\u00e9m realizamos a abertura do processo\u201d.<\/p>\n<p><strong>Farm\u00e1cia Central<\/strong><\/p>\n<p>A Farm\u00e1cia Central \u00e9 um equipamento de sa\u00fade respons\u00e1vel pela dispensa\u00e7\u00e3o dos medicamentos de sa\u00fade mental, ou seja, medicamentos sujeitos ao controle especial, tanto para pacientes de \u00e1reas cobertas por uma Unidade B\u00e1sica de Sa\u00fade (UBS) de refer\u00eancia, quanto pacientes de \u00e1reas descobertas, que s\u00e3o aquelas que n\u00e3o possuem UBS de refer\u00eancia.<\/p>\n<p>Em rela\u00e7\u00e3o aos medicamentos do componente b\u00e1sico da Assist\u00eancia Farmac\u00eautica, que compreende aqueles para o tratamento de doen\u00e7as como hipertens\u00e3o, diabetes, antibi\u00f3ticos e outros elencados na Remume, o atendimento \u00e9 direcionado aos usu\u00e1rios das \u00e1reas descobertas.<\/p>\n<p>A Farm\u00e1cia Central \u00e9 respons\u00e1vel tamb\u00e9m pela abertura de processo administrativo e dispensa\u00e7\u00e3o das insulinas an\u00e1logas (glargina e asparte), integrantes do componente especializado da Assist\u00eancia Farmac\u00eautica, em parceria com a SES\/MG.<\/p>\n<p><b>\u00a0<\/b><\/p>\n<p>&nbsp;<\/p>\n","protected":false},"excerpt":{"rendered":"<p>Segundo informa\u00e7\u00f5es do site da Prefeitura de Juiz de Fora (PJF), a Prefeitura de Juiz de Fora (PJF), buscando melhorar e humanizar ainda mais o atendimento \u00e0 popula\u00e7\u00e3o, reabriu nesta quinta-feira, 15, a Farm\u00e1cia Central em novo endere\u00e7o, na Avenida Presidente Itamar Franco, 982, Centro (pr\u00f3ximo ao Procon). Este novo espa\u00e7o foi pensado e planejado [&hellip;]<\/p>\n","protected":false},"author":246,"featured_media":204337,"comment_status":"closed","ping_status":"closed","sticky":false,"template":"","format":"standard","meta":{"footnotes":""},"categories":[253,436,440,439],"tags":[],"class_list":["post-204336","post","type-post","status-publish","format-standard","has-post-thumbnail","hentry","category-cidade","category-destaque-da-semana","category-destaques-do-dia","category-ultima-hora"],"_links":{"self":[{"href":"https:\/\/diarioregionaldigital.com.br\/index.php?rest_route=\/wp\/v2\/posts\/204336","targetHints":{"allow":["GET"]}}],"collection":[{"href":"https:\/\/diarioregionaldigital.com.br\/index.php?rest_route=\/wp\/v2\/posts"}],"about":[{"href":"https:\/\/diarioregionaldigital.com.br\/index.php?rest_route=\/wp\/v2\/types\/post"}],"author":[{"embeddable":true,"href":"https:\/\/diarioregionaldigital.com.br\/index.php?rest_route=\/wp\/v2\/users\/246"}],"replies":[{"embeddable":true,"href":"https:\/\/diarioregionaldigital.com.br\/index.php?rest_route=%2Fwp%2Fv2%2Fcomments&post=204336"}],"version-history":[{"count":1,"href":"https:\/\/diarioregionaldigital.com.br\/index.php?rest_route=\/wp\/v2\/posts\/204336\/revisions"}],"predecessor-version":[{"id":204338,"href":"https:\/\/diarioregionaldigital.com.br\/index.php?rest_route=\/wp\/v2\/posts\/204336\/revisions\/204338"}],"wp:featuredmedia":[{"embeddable":true,"href":"https:\/\/diarioregionaldigital.com.br\/index.php?rest_route=\/wp\/v2\/media\/204337"}],"wp:attachment":[{"href":"https:\/\/diarioregionaldigital.com.br\/index.php?rest_route=%2Fwp%2Fv2%2Fmedia&parent=204336"}],"wp:term":[{"taxonomy":"category","embeddable":true,"href":"https:\/\/diarioregionaldigital.com.br\/index.php?rest_route=%2Fwp%2Fv2%2Fcategories&post=204336"},{"taxonomy":"post_tag","embeddable":true,"href":"https:\/\/diarioregionaldigital.com.br\/index.php?rest_route=%2Fwp%2Fv2%2Ftags&post=204336"}],"curies":[{"name":"wp","href":"https:\/\/api.w.org\/{rel}","templated":true}]}}