{"id":204333,"date":"2022-09-15T22:37:21","date_gmt":"2022-09-16T01:37:21","guid":{"rendered":"https:\/\/diarioregionaldigital.com.br\/?p=204333"},"modified":"2022-09-15T22:37:21","modified_gmt":"2022-09-16T01:37:21","slug":"negrelli-ex-jogador-da-selecao-brasileira-de-volei-morre-aos-72-anos","status":"publish","type":"post","link":"https:\/\/diarioregionaldigital.com.br\/?p=204333","title":{"rendered":"Negrelli, ex-jogador da sele\u00e7\u00e3o brasileira de v\u00f4lei, morre aos 72 anos"},"content":{"rendered":"<p>Refer\u00eancia do v\u00f4lei brasileiro dos anos 1960\/70, o ex-jogador Oswaldo Fonseca Marcelino, o Negrelli, morreu nesta quarta-feira (14), aos 72 anos, em Santos (SP).\u00a0Ele estava internado na Casa de Sa\u00fade da cidade do litoral paulista. A causa da morte n\u00e3o foi revelada pela fam\u00edlia.<img decoding=\"async\" src=\"https:\/\/agenciabrasil.ebc.com.br\/ebc.png?id=1482365&amp;o=node\" \/><img decoding=\"async\" src=\"https:\/\/agenciabrasil.ebc.com.br\/ebc.gif?id=1482365&amp;o=node\" \/><\/p>\n<p>Tricampe\u00e3o sul-americano e vice-campe\u00e3o pan-americano, Negrelli defendeu a sele\u00e7\u00e3o brasileira em 200 partidas. Algumas delas durante os Jogos Ol\u00edmpicos de Munique (1972), e\u00a0 no Mundial do M\u00e9xico (1974). Negrelli foi um dos ex-atletas que conduziram a tocha ol\u00edmpica da Rio 2016.\u00a0Em agosto, Negrelli esteve no evento comemorativo da Confedera\u00e7\u00e3o Brasileira de V\u00f4lei (CBV) pelos 50 anos da participa\u00e7\u00e3o da sele\u00e7\u00e3o nos Jogos de Munique.<\/p>\n<blockquote><p>\u201cNegrelli foi uma refer\u00eancia e ajudou a escrever parte importante da hist\u00f3ria do v\u00f4lei brasileiro. Estivemos juntos na comemora\u00e7\u00e3o dos 50 anos de Munique, celebrando o talento daquela gera\u00e7\u00e3o. Desejamos que a fam\u00edlia encontre paz e conforto neste momento\u201d disse Radam\u00e9s Lattari, vice-presidente da CBV, em nota de pesar da entidade.<\/p><\/blockquote>\n<p>O ex-jogador de v\u00f4lei tamb\u00e9m foi homenageado\u00a0nas redes sociais do Santos Futebol Clube, no qual foi campe\u00e3o brasileiro e sul-americano com a equipe\u00a0de v\u00f4lei da agremia\u00e7\u00e3o.<\/p>\n<p>Em 1972 Negrelli concluiu a gradua\u00e7\u00e3o em Educa\u00e7\u00e3o F\u00edsica. Em 2004 ele assumiu a secretaria municipal de esportes de Santos, e tr\u00eas\u00a0anos depois foi presidente da Funda\u00e7\u00e3o Pr\u00f3-Esportes (Fupes). Nos \u00faltimos anos, Negrelli lecionava\u00a0em duas universidades de Santos\u00a0e coordenava um projeto social. A prefeitura de Santos tamb\u00e9m fez homenagem ao ex-atleta pelas redes sociais, e decretou luto oficial por tr\u00eas dias. O\u00a0vel\u00f3rio ser\u00e1 nesta\u00a0nesta quarta (14) no\u00a0Memorial Necr\u00f3pole Ecum\u00eanica e a crema\u00e7\u00e3o ocorrer\u00e1 a partir das 18h (hor\u00e1rio de Bras\u00edlia).<\/p>\n<p><span style=\"font-weight: 400;\">Fonte: Ag\u00eancia Brasil <\/span><\/p>\n","protected":false},"excerpt":{"rendered":"<p>Refer\u00eancia do v\u00f4lei brasileiro dos anos 1960\/70, o ex-jogador Oswaldo Fonseca Marcelino, o Negrelli, morreu nesta quarta-feira (14), aos 72 anos, em Santos (SP).\u00a0Ele estava internado na Casa de Sa\u00fade da cidade do litoral paulista. A causa da morte n\u00e3o foi revelada pela fam\u00edlia. Tricampe\u00e3o sul-americano e vice-campe\u00e3o pan-americano, Negrelli defendeu a sele\u00e7\u00e3o brasileira em [&hellip;]<\/p>\n","protected":false},"author":246,"featured_media":204334,"comment_status":"closed","ping_status":"closed","sticky":false,"template":"","format":"standard","meta":{"footnotes":""},"categories":[436,257,439],"tags":[],"class_list":["post-204333","post","type-post","status-publish","format-standard","has-post-thumbnail","hentry","category-destaque-da-semana","category-esporte","category-ultima-hora"],"_links":{"self":[{"href":"https:\/\/diarioregionaldigital.com.br\/index.php?rest_route=\/wp\/v2\/posts\/204333","targetHints":{"allow":["GET"]}}],"collection":[{"href":"https:\/\/diarioregionaldigital.com.br\/index.php?rest_route=\/wp\/v2\/posts"}],"about":[{"href":"https:\/\/diarioregionaldigital.com.br\/index.php?rest_route=\/wp\/v2\/types\/post"}],"author":[{"embeddable":true,"href":"https:\/\/diarioregionaldigital.com.br\/index.php?rest_route=\/wp\/v2\/users\/246"}],"replies":[{"embeddable":true,"href":"https:\/\/diarioregionaldigital.com.br\/index.php?rest_route=%2Fwp%2Fv2%2Fcomments&post=204333"}],"version-history":[{"count":1,"href":"https:\/\/diarioregionaldigital.com.br\/index.php?rest_route=\/wp\/v2\/posts\/204333\/revisions"}],"predecessor-version":[{"id":204335,"href":"https:\/\/diarioregionaldigital.com.br\/index.php?rest_route=\/wp\/v2\/posts\/204333\/revisions\/204335"}],"wp:featuredmedia":[{"embeddable":true,"href":"https:\/\/diarioregionaldigital.com.br\/index.php?rest_route=\/wp\/v2\/media\/204334"}],"wp:attachment":[{"href":"https:\/\/diarioregionaldigital.com.br\/index.php?rest_route=%2Fwp%2Fv2%2Fmedia&parent=204333"}],"wp:term":[{"taxonomy":"category","embeddable":true,"href":"https:\/\/diarioregionaldigital.com.br\/index.php?rest_route=%2Fwp%2Fv2%2Fcategories&post=204333"},{"taxonomy":"post_tag","embeddable":true,"href":"https:\/\/diarioregionaldigital.com.br\/index.php?rest_route=%2Fwp%2Fv2%2Ftags&post=204333"}],"curies":[{"name":"wp","href":"https:\/\/api.w.org\/{rel}","templated":true}]}}