{"id":204329,"date":"2022-09-15T22:35:23","date_gmt":"2022-09-16T01:35:23","guid":{"rendered":"https:\/\/diarioregionaldigital.com.br\/?p=204329"},"modified":"2022-09-15T22:35:23","modified_gmt":"2022-09-16T01:35:23","slug":"renan-lodi-e-convocado-para-amistosos-da-selecao-brasileira","status":"publish","type":"post","link":"https:\/\/diarioregionaldigital.com.br\/?p=204329","title":{"rendered":"Renan Lodi \u00e9 convocado para amistosos da sele\u00e7\u00e3o brasileira"},"content":{"rendered":"<p>A Confedera\u00e7\u00e3o Brasileira de Futebol (CBF) anunciou que o lateral-esquerdo Renan Lodi, do Nottingham Forest (Inglaterra), est\u00e1 convocado para os pr\u00f3ximos amistosos da sele\u00e7\u00e3o brasileira e substituir\u00e1 Alex Sandro, da Juventus (It\u00e1lia), que desfalca a equipe ap\u00f3s sofrer uma les\u00e3o muscular na perna esquerda.<img decoding=\"async\" src=\"https:\/\/agenciabrasil.ebc.com.br\/ebc.png?id=1482412&amp;o=node\" \/><img decoding=\"async\" src=\"https:\/\/agenciabrasil.ebc.com.br\/ebc.gif?id=1482412&amp;o=node\" \/><\/p>\n<p>A equipe comandada pelo t\u00e9cnico Tite entra em campo na Fran\u00e7a, no dia 23 em Le Havre contra Gana e no dia 27 em Paris contra a Tun\u00edsia. As duas partidas est\u00e3o programadas para come\u00e7arem \u00e0s 15h30 (hor\u00e1rio de Bras\u00edlia).<\/p>\n<p>Os jogadores do Brasil come\u00e7am a se apresentar na pr\u00f3xima segunda-feira (19), quando far\u00e3o o primeiro treino em Le Havre.<\/p>\n<p><span style=\"font-weight: 400;\">Fonte: Ag\u00eancia Brasil <\/span><\/p>\n","protected":false},"excerpt":{"rendered":"<p>A Confedera\u00e7\u00e3o Brasileira de Futebol (CBF) anunciou que o lateral-esquerdo Renan Lodi, do Nottingham Forest (Inglaterra), est\u00e1 convocado para os pr\u00f3ximos amistosos da sele\u00e7\u00e3o brasileira e substituir\u00e1 Alex Sandro, da Juventus (It\u00e1lia), que desfalca a equipe ap\u00f3s sofrer uma les\u00e3o muscular na perna esquerda. A equipe comandada pelo t\u00e9cnico Tite entra em campo na Fran\u00e7a, [&hellip;]<\/p>\n","protected":false},"author":246,"featured_media":204330,"comment_status":"closed","ping_status":"closed","sticky":false,"template":"","format":"standard","meta":{"footnotes":""},"categories":[436,257,439],"tags":[],"class_list":["post-204329","post","type-post","status-publish","format-standard","has-post-thumbnail","hentry","category-destaque-da-semana","category-esporte","category-ultima-hora"],"_links":{"self":[{"href":"https:\/\/diarioregionaldigital.com.br\/index.php?rest_route=\/wp\/v2\/posts\/204329","targetHints":{"allow":["GET"]}}],"collection":[{"href":"https:\/\/diarioregionaldigital.com.br\/index.php?rest_route=\/wp\/v2\/posts"}],"about":[{"href":"https:\/\/diarioregionaldigital.com.br\/index.php?rest_route=\/wp\/v2\/types\/post"}],"author":[{"embeddable":true,"href":"https:\/\/diarioregionaldigital.com.br\/index.php?rest_route=\/wp\/v2\/users\/246"}],"replies":[{"embeddable":true,"href":"https:\/\/diarioregionaldigital.com.br\/index.php?rest_route=%2Fwp%2Fv2%2Fcomments&post=204329"}],"version-history":[{"count":2,"href":"https:\/\/diarioregionaldigital.com.br\/index.php?rest_route=\/wp\/v2\/posts\/204329\/revisions"}],"predecessor-version":[{"id":204332,"href":"https:\/\/diarioregionaldigital.com.br\/index.php?rest_route=\/wp\/v2\/posts\/204329\/revisions\/204332"}],"wp:featuredmedia":[{"embeddable":true,"href":"https:\/\/diarioregionaldigital.com.br\/index.php?rest_route=\/wp\/v2\/media\/204330"}],"wp:attachment":[{"href":"https:\/\/diarioregionaldigital.com.br\/index.php?rest_route=%2Fwp%2Fv2%2Fmedia&parent=204329"}],"wp:term":[{"taxonomy":"category","embeddable":true,"href":"https:\/\/diarioregionaldigital.com.br\/index.php?rest_route=%2Fwp%2Fv2%2Fcategories&post=204329"},{"taxonomy":"post_tag","embeddable":true,"href":"https:\/\/diarioregionaldigital.com.br\/index.php?rest_route=%2Fwp%2Fv2%2Ftags&post=204329"}],"curies":[{"name":"wp","href":"https:\/\/api.w.org\/{rel}","templated":true}]}}