{"id":204325,"date":"2022-09-15T22:34:00","date_gmt":"2022-09-16T01:34:00","guid":{"rendered":"https:\/\/diarioregionaldigital.com.br\/?p=204325"},"modified":"2022-09-15T22:34:00","modified_gmt":"2022-09-16T01:34:00","slug":"dupla-de-luisa-stefani-se-garante-nas-semifinais-de-wta-250-na-india","status":"publish","type":"post","link":"https:\/\/diarioregionaldigital.com.br\/?p=204325","title":{"rendered":"Dupla de Luisa Stefani se garante nas semifinais de WTA 250 na \u00cdndia"},"content":{"rendered":"<p>A paulista Luisa Stefani, de 25 anos, garantiu a segunda vit\u00f3ria seguida no WTA 250 de Chennai (\u00cdndia) ao lado da parceira Gabriela Dabrowski (Canad\u00e1) e assegurou presen\u00e7a na semifinal do torneio. A dupla venceu as indianas Rutuja Bhosale e Karman Thandi por 2 sets a 0, com direito pneu no primeira parcial\u00a0 e 6\/3 no set seguinte. Stefani e Dabrowski voltam \u00e0 quadra no s\u00e1bado (17), em hor\u00e1rio a ser definido, contra a tailandesa Peangtarn Plipuech e a japonesa Moyuka\u00a0Uchijima.\u00a0<img decoding=\"async\" src=\"https:\/\/agenciabrasil.ebc.com.br\/ebc.png?id=1482567&amp;o=node\" \/><img decoding=\"async\" src=\"https:\/\/agenciabrasil.ebc.com.br\/ebc.gif?id=1482567&amp;o=node\" \/><\/p>\n<blockquote><p>&#8220;\u00d3timo jogo hoje. Acho que joguei bem melhor que ontem [quarta]. Saquei muito bem, devolvi melhor, um pouco mais ativa na rede. A Gabi tamb\u00e9m fez o jogo dela. Est\u00e1 muito bem. Cada partida me relembra ainda mais o quanto gosto de jogar com ela. Quando a gente se entrosa bem, se d\u00e1 bem em quadra e fora tamb\u00e9m\u201d, disse Stefani, logo ap\u00f3s a vit\u00f3ria.<\/p><\/blockquote>\n<p>Stefani voltou a competir na quarta (14) ap\u00f3s um ano de hiato para se recupera de uma cirurgia no joelho direito. A brasileira sofreu o rompimento do ligamento cruzado quando disputava o US Open de 2021, ao lado de Gabi Dabrowski. Juntas, elas conquistaram no ano passado o t\u00edtulo do WTA 1000 de Montreal (Canad\u00e1) e os vice-campeonatos WTA 1000 de Cincinnati e WTA 500 de San Jose, ambos nos Estados Unidos. Nas duplas, Bia come\u00e7ou o ano com o t\u00edtulo do WTA 500 de Sydney e o vice-campeonato do Australian Open.<\/p>\n<h2>Sexta-feira\u00a0decisiva no WTA 250 na Eslov\u00eania<\/h2>\n<p>Duas brasileiras entram em quadra \u00e0s 6h (hor\u00e1rio de Bras\u00edlia) no WTA 250 de Portoroz (Eslov\u00eania) nesta sexta (16). Nas duplas, a carioca Ingrid Gamarra Martins e a russa Alena Fomina-Klotz disputam as semifinais contra a parceria da espanhola Cristina Bucsa com a eslova Tereza\u00a0Mihalikova.<\/p>\n<p>No mesmo hor\u00e1rio, a paulista Bia Haddad, n\u00famero 18 do mundo, encara a romena Ana Bogdan (65). As duas j\u00e1 estiveram frente a frente dois torneios da WTA, e Bia levou a melhor em ambos.<\/p>\n<p>A temporada deste ano tem sido especial para Bia, que conquistou os dois maiores t\u00edtulos de simploes da carreira\u00a0<em>&#8211;\u00a0<\/em><em>o do WTA 250 de Nottingham e o de Birmingham \u2013 al\u00e9m do WTA de Saint Malo (Fran\u00e7a).<\/p>\n<p><\/em><span style=\"font-weight: 400;\">Fonte: Ag\u00eancia Brasil <\/span><em><br \/>\n<\/em><\/p>\n","protected":false},"excerpt":{"rendered":"<p>A paulista Luisa Stefani, de 25 anos, garantiu a segunda vit\u00f3ria seguida no WTA 250 de Chennai (\u00cdndia) ao lado da parceira Gabriela Dabrowski (Canad\u00e1) e assegurou presen\u00e7a na semifinal do torneio. A dupla venceu as indianas Rutuja Bhosale e Karman Thandi por 2 sets a 0, com direito pneu no primeira parcial\u00a0 e 6\/3 [&hellip;]<\/p>\n","protected":false},"author":246,"featured_media":204326,"comment_status":"closed","ping_status":"closed","sticky":false,"template":"","format":"standard","meta":{"footnotes":""},"categories":[436,257,439],"tags":[],"class_list":["post-204325","post","type-post","status-publish","format-standard","has-post-thumbnail","hentry","category-destaque-da-semana","category-esporte","category-ultima-hora"],"_links":{"self":[{"href":"https:\/\/diarioregionaldigital.com.br\/index.php?rest_route=\/wp\/v2\/posts\/204325","targetHints":{"allow":["GET"]}}],"collection":[{"href":"https:\/\/diarioregionaldigital.com.br\/index.php?rest_route=\/wp\/v2\/posts"}],"about":[{"href":"https:\/\/diarioregionaldigital.com.br\/index.php?rest_route=\/wp\/v2\/types\/post"}],"author":[{"embeddable":true,"href":"https:\/\/diarioregionaldigital.com.br\/index.php?rest_route=\/wp\/v2\/users\/246"}],"replies":[{"embeddable":true,"href":"https:\/\/diarioregionaldigital.com.br\/index.php?rest_route=%2Fwp%2Fv2%2Fcomments&post=204325"}],"version-history":[{"count":1,"href":"https:\/\/diarioregionaldigital.com.br\/index.php?rest_route=\/wp\/v2\/posts\/204325\/revisions"}],"predecessor-version":[{"id":204327,"href":"https:\/\/diarioregionaldigital.com.br\/index.php?rest_route=\/wp\/v2\/posts\/204325\/revisions\/204327"}],"wp:featuredmedia":[{"embeddable":true,"href":"https:\/\/diarioregionaldigital.com.br\/index.php?rest_route=\/wp\/v2\/media\/204326"}],"wp:attachment":[{"href":"https:\/\/diarioregionaldigital.com.br\/index.php?rest_route=%2Fwp%2Fv2%2Fmedia&parent=204325"}],"wp:term":[{"taxonomy":"category","embeddable":true,"href":"https:\/\/diarioregionaldigital.com.br\/index.php?rest_route=%2Fwp%2Fv2%2Fcategories&post=204325"},{"taxonomy":"post_tag","embeddable":true,"href":"https:\/\/diarioregionaldigital.com.br\/index.php?rest_route=%2Fwp%2Fv2%2Ftags&post=204325"}],"curies":[{"name":"wp","href":"https:\/\/api.w.org\/{rel}","templated":true}]}}