{"id":204322,"date":"2022-09-15T22:30:31","date_gmt":"2022-09-16T01:30:31","guid":{"rendered":"https:\/\/diarioregionaldigital.com.br\/?p=204322"},"modified":"2022-09-15T22:30:31","modified_gmt":"2022-09-16T01:30:31","slug":"brasil-tenta-classificacao-nesta-sexta-no-mundial-de-ginastica-ritmica","status":"publish","type":"post","link":"https:\/\/diarioregionaldigital.com.br\/?p=204322","title":{"rendered":"Brasil tenta classifica\u00e7\u00e3o nesta sexta no Mundial de Gin\u00e1stica R\u00edtmica"},"content":{"rendered":"<p>A delega\u00e7\u00e3o brasileira busca nesta sexta-feira (17) a classifica\u00e7\u00e3o na disputa de conjuntos do Mundial de Gin\u00e1stica R\u00edtmica, em S\u00f3fia, capital da Bulg\u00e1ria. A fase eliminat\u00f3ria ocorrer\u00e1 das 8h30 \u00e0s 12h55 (hor\u00e1rio de Bras\u00edlia) com\u00a0<a href=\"https:\/\/www.canalolimpicodobrasil.com.br\/videos\/mundial-ginastica-ritmica-140922\">transmiss\u00e3o ao vivo\u00a0<\/a>no Canal Ol\u00edmpico do Brasil. Al\u00e9m do Brasil, a disputa reunir\u00e1 equipes de outros 29 pa\u00edses. O grupo nacional, com seis ginastas, far\u00e1 uma s\u00e9rie de cinco arcos e outra mista (tr\u00eas fitas e duas bolas).<img decoding=\"async\" src=\"https:\/\/agenciabrasil.ebc.com.br\/ebc.png?id=1482614&amp;o=node\" \/><img decoding=\"async\" src=\"https:\/\/agenciabrasil.ebc.com.br\/ebc.gif?id=1482614&amp;o=node\" \/><\/p>\n<p>Duas das integrantes da equipe competiram nesta quinta (16) nas disputas individuais de s\u00e9ries de ma\u00e7as e fita, mas n\u00e3o avan\u00e7aram \u00e0s finais, nem no individual geral (apenas os 18 primeiros colocados), nem por aparelhos (oito primeiros). A capixaba Geovanna Santos, de 20 anos, estreante em Mundiais, \u00a0foi um dos destaques desta manh\u00e3 ao se apresentar na s\u00e9rie de fita ao som de Rajad\u00e3o &#8211; \u00a0m\u00fasica da cantora Pablo Vittar &#8211; vestindo um collant rosa com foto da int\u00e9rprete. A brasileira terminou na 15\u00aa posi\u00e7\u00e3o. Na s\u00e9rie de ma\u00e7as Geovanna ficou em 12\u00ba lugar.<\/p>\n<p>Quem tamb\u00e9m competiu hoje foi a paranaense B\u00e1rbara Galv\u00e3o, que ano passado fez hist\u00f3ria ao conseguir classifica\u00e7\u00e3o in\u00e9dita para o pa\u00eds no Mundial. Recuperada de uma cirurgia no quadril, mas com apenas dois meses de treino, B\u00e1rbara terminou em 18\u00ba lugar na fita, e em 48\u00ba na s\u00e9rie de ma\u00e7as.<\/p>\n<p>Al\u00e9m de B\u00e1rbara e Giovanna, o conjunto brasileiro que compete nesta sexta (16) conta ainda com Deborah Medrado, Gabriele Moraes, Nicole Pircio e a capit\u00e3 Maria Eduarda Arakaki. Em caso de classifica\u00e7\u00e3o da equipe brasileira, o pa\u00eds disputa a final no domingo (18).\u00a0 A disputa por medalhas da s\u00e9rie de cinco arcos ocorrer\u00e1 das 9h \u00e0s 9h43; e da serie mista das 9h48 \u00e0s 10h31).<\/p>\n<p><span style=\"font-weight: 400;\">Fonte: Ag\u00eancia Brasil <\/span><\/p>\n","protected":false},"excerpt":{"rendered":"<p>A delega\u00e7\u00e3o brasileira busca nesta sexta-feira (17) a classifica\u00e7\u00e3o na disputa de conjuntos do Mundial de Gin\u00e1stica R\u00edtmica, em S\u00f3fia, capital da Bulg\u00e1ria. A fase eliminat\u00f3ria ocorrer\u00e1 das 8h30 \u00e0s 12h55 (hor\u00e1rio de Bras\u00edlia) com\u00a0transmiss\u00e3o ao vivo\u00a0no Canal Ol\u00edmpico do Brasil. Al\u00e9m do Brasil, a disputa reunir\u00e1 equipes de outros 29 pa\u00edses. O grupo nacional, [&hellip;]<\/p>\n","protected":false},"author":246,"featured_media":204323,"comment_status":"closed","ping_status":"closed","sticky":false,"template":"","format":"standard","meta":{"footnotes":""},"categories":[436,440,257,439],"tags":[],"class_list":["post-204322","post","type-post","status-publish","format-standard","has-post-thumbnail","hentry","category-destaque-da-semana","category-destaques-do-dia","category-esporte","category-ultima-hora"],"_links":{"self":[{"href":"https:\/\/diarioregionaldigital.com.br\/index.php?rest_route=\/wp\/v2\/posts\/204322","targetHints":{"allow":["GET"]}}],"collection":[{"href":"https:\/\/diarioregionaldigital.com.br\/index.php?rest_route=\/wp\/v2\/posts"}],"about":[{"href":"https:\/\/diarioregionaldigital.com.br\/index.php?rest_route=\/wp\/v2\/types\/post"}],"author":[{"embeddable":true,"href":"https:\/\/diarioregionaldigital.com.br\/index.php?rest_route=\/wp\/v2\/users\/246"}],"replies":[{"embeddable":true,"href":"https:\/\/diarioregionaldigital.com.br\/index.php?rest_route=%2Fwp%2Fv2%2Fcomments&post=204322"}],"version-history":[{"count":1,"href":"https:\/\/diarioregionaldigital.com.br\/index.php?rest_route=\/wp\/v2\/posts\/204322\/revisions"}],"predecessor-version":[{"id":204324,"href":"https:\/\/diarioregionaldigital.com.br\/index.php?rest_route=\/wp\/v2\/posts\/204322\/revisions\/204324"}],"wp:featuredmedia":[{"embeddable":true,"href":"https:\/\/diarioregionaldigital.com.br\/index.php?rest_route=\/wp\/v2\/media\/204323"}],"wp:attachment":[{"href":"https:\/\/diarioregionaldigital.com.br\/index.php?rest_route=%2Fwp%2Fv2%2Fmedia&parent=204322"}],"wp:term":[{"taxonomy":"category","embeddable":true,"href":"https:\/\/diarioregionaldigital.com.br\/index.php?rest_route=%2Fwp%2Fv2%2Fcategories&post=204322"},{"taxonomy":"post_tag","embeddable":true,"href":"https:\/\/diarioregionaldigital.com.br\/index.php?rest_route=%2Fwp%2Fv2%2Ftags&post=204322"}],"curies":[{"name":"wp","href":"https:\/\/api.w.org\/{rel}","templated":true}]}}