{"id":204316,"date":"2022-09-15T22:00:14","date_gmt":"2022-09-16T01:00:14","guid":{"rendered":"https:\/\/diarioregionaldigital.com.br\/?p=204316"},"modified":"2022-09-15T22:00:14","modified_gmt":"2022-09-16T01:00:14","slug":"padre-kelmon-doa-biblias-para-unb-e-propoe-pacto-a-demais-candidatos","status":"publish","type":"post","link":"https:\/\/diarioregionaldigital.com.br\/?p=204316","title":{"rendered":"Padre Kelmon doa b\u00edblias para UnB e prop\u00f5e pacto a demais candidatos"},"content":{"rendered":"<p>O candidato a presidente da Rep\u00fablica pelo Partido Trabalhista Brasileiro (PTB), Padre Kelmon, doou hoje (15) duas b\u00edblias \u00e0 biblioteca da Universidade de Bras\u00edlia (UnB). O momento da entrega foi registrado em v\u00eddeo e publicado em redes sociais. Segundo divulgado pela campanha, n\u00e3o havia nenhum exemplar f\u00edsico dispon\u00edvel no local. Padre Kelmon esteve no local acompanhado de seu candidato \u00e0 vice-presidente, Pastor Galmonal.<img decoding=\"async\" src=\"https:\/\/agenciabrasil.ebc.com.br\/ebc.png?id=1482638&amp;o=node\" \/><img decoding=\"async\" src=\"https:\/\/agenciabrasil.ebc.com.br\/ebc.gif?id=1482638&amp;o=node\" \/><\/p>\n<p>&#8220;Para a surpresa dos dois, uma funcion\u00e1ria os informou que j\u00e1 existiram exemplares f\u00edsicos, mas foram retirados e agora s\u00f3 h\u00e1 em formato digital&#8221;, registra nota divulgada pela campanha. Diante da situa\u00e7\u00e3o, Padre Kelmon tamb\u00e9m anunciou o lan\u00e7amento da campanha &#8220;Doe um B\u00edblia&#8221;, para mobilizar brasileiros crist\u00e3o a oferecerem exemplares \u00e0s bibliotecas p\u00fablicas e privadas do pa\u00eds.<\/p>\n<p>Cumprindo agenda na capital federal, o candidato do PTB tamb\u00e9m cobrou hoje que outros postulantes ao cargo de presidente da Rep\u00fablica adotem um posicionamento contra o aborto. Ele afirmou que ir\u00e1 convidar os candidatos que se assumem como crist\u00e3os a assinar um documento intitulado Pacto pela Vida.<\/p>\n<p>C\u00f3pias endere\u00e7adas \u00e0 Lula e \u00e0 Ciro Gomes j\u00e1 foram entregues respectivamente nas sedes do Partido dos Trabalhadores (PT) e do Partido Democr\u00e1tico Trabalhista (PDT) em Bras\u00edlia. Tamb\u00e9m receber\u00e3o o documento Jair Bolsonaro (PL), Simone Tebet (MDB), Luiz Felipe d\u2019\u00c1vila (Novo) e Soraya Thronicke (Uni\u00e3o Brasil). A expectativa \u00e9 que os destinat\u00e1rios se posicionem no prazo de sete dias.<\/p>\n<p>&#8220;Conclamamos todos os candidatos que se assumem como crist\u00e3os ou estes dizem representar, nestas elei\u00e7\u00f5es de 2022 para assinarem e comprometerem-se integralmente com o Pacto pela Vida cuja premissa \u00fanica \u00e9 o respeito ao mandamento divino \u2018n\u00e3o matar\u00e1s\u2019, assumindo de forma clara e inequ\u00edvoca a posi\u00e7\u00e3o contra o aborto, que em ess\u00eancia trata-se do assassinato da vida humana, indefesa, ainda no \u00fatero materno&#8221;, diz um trecho do texto.<\/p>\n<p>A lei brasileira permite o aborto em casos de estupro e risco de morte para a gestante e considera estupro presumido toda rela\u00e7\u00e3o sexual envolvendo menores de 14 anos.<\/p>\n<p>Sem fazer coment\u00e1rios sobre casos espec\u00edficos, Padre Kelmon tamb\u00e9m abordou o assunto nas redes sociais e defendeu a import\u00e2ncia do pacto proposto. &#8220;O Pacto pela Vida prop\u00f5e um comprometimento verdadeiro, que confere legitimidade ao come\u00e7o da vida desde a sua concep\u00e7\u00e3o at\u00e9 o t\u00e9rmino, na morte natural do homem&#8221;, reiterou o candidato do PTB.<\/p>\n<p><span style=\"font-weight: 400;\">Fonte: Ag\u00eancia Brasil <\/span><\/p>\n","protected":false},"excerpt":{"rendered":"<p>O candidato a presidente da Rep\u00fablica pelo Partido Trabalhista Brasileiro (PTB), Padre Kelmon, doou hoje (15) duas b\u00edblias \u00e0 biblioteca da Universidade de Bras\u00edlia (UnB). O momento da entrega foi registrado em v\u00eddeo e publicado em redes sociais. Segundo divulgado pela campanha, n\u00e3o havia nenhum exemplar f\u00edsico dispon\u00edvel no local. Padre Kelmon esteve no local [&hellip;]<\/p>\n","protected":false},"author":246,"featured_media":204317,"comment_status":"closed","ping_status":"closed","sticky":false,"template":"","format":"standard","meta":{"footnotes":""},"categories":[436,254,439],"tags":[],"class_list":["post-204316","post","type-post","status-publish","format-standard","has-post-thumbnail","hentry","category-destaque-da-semana","category-politica","category-ultima-hora"],"_links":{"self":[{"href":"https:\/\/diarioregionaldigital.com.br\/index.php?rest_route=\/wp\/v2\/posts\/204316","targetHints":{"allow":["GET"]}}],"collection":[{"href":"https:\/\/diarioregionaldigital.com.br\/index.php?rest_route=\/wp\/v2\/posts"}],"about":[{"href":"https:\/\/diarioregionaldigital.com.br\/index.php?rest_route=\/wp\/v2\/types\/post"}],"author":[{"embeddable":true,"href":"https:\/\/diarioregionaldigital.com.br\/index.php?rest_route=\/wp\/v2\/users\/246"}],"replies":[{"embeddable":true,"href":"https:\/\/diarioregionaldigital.com.br\/index.php?rest_route=%2Fwp%2Fv2%2Fcomments&post=204316"}],"version-history":[{"count":1,"href":"https:\/\/diarioregionaldigital.com.br\/index.php?rest_route=\/wp\/v2\/posts\/204316\/revisions"}],"predecessor-version":[{"id":204318,"href":"https:\/\/diarioregionaldigital.com.br\/index.php?rest_route=\/wp\/v2\/posts\/204316\/revisions\/204318"}],"wp:featuredmedia":[{"embeddable":true,"href":"https:\/\/diarioregionaldigital.com.br\/index.php?rest_route=\/wp\/v2\/media\/204317"}],"wp:attachment":[{"href":"https:\/\/diarioregionaldigital.com.br\/index.php?rest_route=%2Fwp%2Fv2%2Fmedia&parent=204316"}],"wp:term":[{"taxonomy":"category","embeddable":true,"href":"https:\/\/diarioregionaldigital.com.br\/index.php?rest_route=%2Fwp%2Fv2%2Fcategories&post=204316"},{"taxonomy":"post_tag","embeddable":true,"href":"https:\/\/diarioregionaldigital.com.br\/index.php?rest_route=%2Fwp%2Fv2%2Ftags&post=204316"}],"curies":[{"name":"wp","href":"https:\/\/api.w.org\/{rel}","templated":true}]}}