{"id":204313,"date":"2022-09-15T21:58:38","date_gmt":"2022-09-16T00:58:38","guid":{"rendered":"https:\/\/diarioregionaldigital.com.br\/?p=204313"},"modified":"2022-09-15T21:58:38","modified_gmt":"2022-09-16T00:58:38","slug":"tse-mantem-autonomia-de-midias-para-definir-criterios-de-entrevistas","status":"publish","type":"post","link":"https:\/\/diarioregionaldigital.com.br\/?p=204313","title":{"rendered":"TSE mant\u00e9m autonomia de m\u00eddias para definir crit\u00e9rios de entrevistas"},"content":{"rendered":"<p>Os ministros do Tribunal Superior Eleitoral (TSE) endossaram, hoje (15), a tr\u00eas decis\u00f5es da ministra Maria Claudia Bucchianeri, estabelecendo o entendimento jur\u00eddico de que os ve\u00edculos de comunica\u00e7\u00e3o t\u00eam autonomia para estabelecer as regras das entrevistas com candidatos a cargos eletivos.<img decoding=\"async\" src=\"https:\/\/agenciabrasil.ebc.com.br\/ebc.png?id=1482579&amp;o=node\" \/><img decoding=\"async\" src=\"https:\/\/agenciabrasil.ebc.com.br\/ebc.gif?id=1482579&amp;o=node\" \/><\/p>\n<p>Duas das decis\u00f5es da ministra Maria Cl\u00e1udia foram motivadas por pedidos da candidata \u00e0 presid\u00eancia da Rep\u00fablica Soraya Thronicke (Uni\u00e3o Brasil), que solicitou que as emissoras de TV Globo e Record fossem obrigadas a entrevistar outros candidatos \u00e0 presid\u00eancia da Rep\u00fablica al\u00e9m dos quatro primeiros colocados nas pesquisas de inten\u00e7\u00e3o de voto.<\/p>\n<p>Soraya acusava as emissoras de tratar de forma desigual a quem disputa o cargo de presidente por terem convidado para serem entrevistados em telejornais exibidos em hor\u00e1rio nobre apenas os quatro aspirantes ao cargo que aparecem mais bem posicionados nas pesquisas de inten\u00e7\u00e3o de voto<\/p>\n<p>A ministra tamb\u00e9m negou um pedido de liminar feito pela coliga\u00e7\u00e3o Brasil da Esperan\u00e7a, que pleiteava que a ordem dos sabatinados pela TV Record, na semana que vem, fosse definida por sorteio. A coliga\u00e7\u00e3o \u00e9 composta pelo PT, PV, PCdob, PSOL, REDE, PSB, Solidariedade, Avante, Agir e Pros.<\/p>\n<p>Para a coliga\u00e7\u00e3o, seu candidato, Luiz In\u00e1cio Lula da Silva, ser\u00e1 prejudicado por ser entrevistado em uma sexta-feira, quando a audi\u00eancia televisiva tende a ser menor. Motivo pelo qual os requerentes pediam que o TSE obrigasse a sortear a ordem das entrevistas.<\/p>\n<p>Na sess\u00e3o desta quinta-feira, os ministros presentes decidiram, por unanimidade, manter as tr\u00eas decis\u00f5es de Maria Cl\u00e1udia Bucchianeri, referendando a interpreta\u00e7\u00e3o da ministra, para quem os crit\u00e9rios legais que se aplicam \u00e0 realiza\u00e7\u00e3o de debates eleitorais n\u00e3o se estendem automaticamente \u00e0s entrevistas individuais, que n\u00e3o possuem regramento espec\u00edfico na legisla\u00e7\u00e3o.<\/p>\n<p>\u201cO crit\u00e9rio \u00e9 objetivo, \u00e9 impessoal, n\u00e3o denota nenhum direcionamento arbitr\u00e1rio ou quebra de impessoalidade\u201d, afirmou a ministra, destacando n\u00e3o ter identificado ind\u00edcios de que as emissoras de TV tenham tratado de forma privilegiada a alguns candidatos ou quebrado as condi\u00e7\u00f5es de igualdade da disputa pela prefer\u00eancia do eleitorado. Para a ministra, o Poder Judici\u00e1rio s\u00f3 deve interferir na linha editorial das emissoras de maneira excepcional\u00edssima.<\/p>\n<p><span style=\"font-weight: 400;\"><br \/>\n<\/span><span style=\"font-weight: 400;\">Fonte: Ag\u00eancia Brasil <\/span><\/p>\n","protected":false},"excerpt":{"rendered":"<p>Os ministros do Tribunal Superior Eleitoral (TSE) endossaram, hoje (15), a tr\u00eas decis\u00f5es da ministra Maria Claudia Bucchianeri, estabelecendo o entendimento jur\u00eddico de que os ve\u00edculos de comunica\u00e7\u00e3o t\u00eam autonomia para estabelecer as regras das entrevistas com candidatos a cargos eletivos. Duas das decis\u00f5es da ministra Maria Cl\u00e1udia foram motivadas por pedidos da candidata \u00e0 [&hellip;]<\/p>\n","protected":false},"author":246,"featured_media":204314,"comment_status":"closed","ping_status":"closed","sticky":false,"template":"","format":"standard","meta":{"footnotes":""},"categories":[436,254,439],"tags":[],"class_list":["post-204313","post","type-post","status-publish","format-standard","has-post-thumbnail","hentry","category-destaque-da-semana","category-politica","category-ultima-hora"],"_links":{"self":[{"href":"https:\/\/diarioregionaldigital.com.br\/index.php?rest_route=\/wp\/v2\/posts\/204313","targetHints":{"allow":["GET"]}}],"collection":[{"href":"https:\/\/diarioregionaldigital.com.br\/index.php?rest_route=\/wp\/v2\/posts"}],"about":[{"href":"https:\/\/diarioregionaldigital.com.br\/index.php?rest_route=\/wp\/v2\/types\/post"}],"author":[{"embeddable":true,"href":"https:\/\/diarioregionaldigital.com.br\/index.php?rest_route=\/wp\/v2\/users\/246"}],"replies":[{"embeddable":true,"href":"https:\/\/diarioregionaldigital.com.br\/index.php?rest_route=%2Fwp%2Fv2%2Fcomments&post=204313"}],"version-history":[{"count":1,"href":"https:\/\/diarioregionaldigital.com.br\/index.php?rest_route=\/wp\/v2\/posts\/204313\/revisions"}],"predecessor-version":[{"id":204315,"href":"https:\/\/diarioregionaldigital.com.br\/index.php?rest_route=\/wp\/v2\/posts\/204313\/revisions\/204315"}],"wp:featuredmedia":[{"embeddable":true,"href":"https:\/\/diarioregionaldigital.com.br\/index.php?rest_route=\/wp\/v2\/media\/204314"}],"wp:attachment":[{"href":"https:\/\/diarioregionaldigital.com.br\/index.php?rest_route=%2Fwp%2Fv2%2Fmedia&parent=204313"}],"wp:term":[{"taxonomy":"category","embeddable":true,"href":"https:\/\/diarioregionaldigital.com.br\/index.php?rest_route=%2Fwp%2Fv2%2Fcategories&post=204313"},{"taxonomy":"post_tag","embeddable":true,"href":"https:\/\/diarioregionaldigital.com.br\/index.php?rest_route=%2Fwp%2Fv2%2Ftags&post=204313"}],"curies":[{"name":"wp","href":"https:\/\/api.w.org\/{rel}","templated":true}]}}