{"id":204310,"date":"2022-09-15T21:50:27","date_gmt":"2022-09-16T00:50:27","guid":{"rendered":"https:\/\/diarioregionaldigital.com.br\/?p=204310"},"modified":"2022-09-15T21:50:27","modified_gmt":"2022-09-16T00:50:27","slug":"toffoli-e-eleito-para-vaga-de-ministro-substituto-do-tse","status":"publish","type":"post","link":"https:\/\/diarioregionaldigital.com.br\/?p=204310","title":{"rendered":"Toffoli \u00e9 eleito para vaga de ministro substituto do TSE"},"content":{"rendered":"<p>O ministro do Supremo Tribunal Federal (STF) Dias Toffoli foi eleito hoje (15) para vaga de ministro substituto do Tribunal Superior Eleitoral (TSE), \u00f3rg\u00e3o respons\u00e1vel pela organiza\u00e7\u00e3o das elei\u00e7\u00f5es.<img decoding=\"async\" src=\"https:\/\/agenciabrasil.ebc.com.br\/ebc.png?id=1482586&amp;o=node\" \/><img decoding=\"async\" src=\"https:\/\/agenciabrasil.ebc.com.br\/ebc.gif?id=1482586&amp;o=node\" \/><\/p>\n<p>A vota\u00e7\u00e3o foi feita de forma simb\u00f3lica pelo plen\u00e1rio do STF. As vagas de ministros da Corte no TSE s\u00e3o ocupadas em forma de rod\u00edzio entre os membros. Toffoli presidiu o tribunal entre 2014 e 2016.<\/p>\n<p>O TSE \u00e9 composto por sete ministros, sendo tr\u00eas do STF, dois do Superior Tribunal de Justi\u00e7a (STJ) e dois advogados nomeados pelo presidente da Rep\u00fablica.<\/p>\n<p>As cadeiras efetivas do STF no tribunal eleitoral s\u00e3o ocupadas pelos ministros Alexandre de Moraes, Ricardo Lewandowski e C\u00e1rmen L\u00facia. Os ministros Nunes Marques e Andr\u00e9 Mendon\u00e7a completam a lista de substitutos.<\/p>\n<p><span style=\"font-weight: 400;\">Fonte: Ag\u00eancia Brasil <\/span><\/p>\n","protected":false},"excerpt":{"rendered":"<p>O ministro do Supremo Tribunal Federal (STF) Dias Toffoli foi eleito hoje (15) para vaga de ministro substituto do Tribunal Superior Eleitoral (TSE), \u00f3rg\u00e3o respons\u00e1vel pela organiza\u00e7\u00e3o das elei\u00e7\u00f5es. A vota\u00e7\u00e3o foi feita de forma simb\u00f3lica pelo plen\u00e1rio do STF. As vagas de ministros da Corte no TSE s\u00e3o ocupadas em forma de rod\u00edzio entre [&hellip;]<\/p>\n","protected":false},"author":246,"featured_media":204311,"comment_status":"closed","ping_status":"closed","sticky":false,"template":"","format":"standard","meta":{"footnotes":""},"categories":[436,440,254,439],"tags":[],"class_list":["post-204310","post","type-post","status-publish","format-standard","has-post-thumbnail","hentry","category-destaque-da-semana","category-destaques-do-dia","category-politica","category-ultima-hora"],"_links":{"self":[{"href":"https:\/\/diarioregionaldigital.com.br\/index.php?rest_route=\/wp\/v2\/posts\/204310","targetHints":{"allow":["GET"]}}],"collection":[{"href":"https:\/\/diarioregionaldigital.com.br\/index.php?rest_route=\/wp\/v2\/posts"}],"about":[{"href":"https:\/\/diarioregionaldigital.com.br\/index.php?rest_route=\/wp\/v2\/types\/post"}],"author":[{"embeddable":true,"href":"https:\/\/diarioregionaldigital.com.br\/index.php?rest_route=\/wp\/v2\/users\/246"}],"replies":[{"embeddable":true,"href":"https:\/\/diarioregionaldigital.com.br\/index.php?rest_route=%2Fwp%2Fv2%2Fcomments&post=204310"}],"version-history":[{"count":1,"href":"https:\/\/diarioregionaldigital.com.br\/index.php?rest_route=\/wp\/v2\/posts\/204310\/revisions"}],"predecessor-version":[{"id":204312,"href":"https:\/\/diarioregionaldigital.com.br\/index.php?rest_route=\/wp\/v2\/posts\/204310\/revisions\/204312"}],"wp:featuredmedia":[{"embeddable":true,"href":"https:\/\/diarioregionaldigital.com.br\/index.php?rest_route=\/wp\/v2\/media\/204311"}],"wp:attachment":[{"href":"https:\/\/diarioregionaldigital.com.br\/index.php?rest_route=%2Fwp%2Fv2%2Fmedia&parent=204310"}],"wp:term":[{"taxonomy":"category","embeddable":true,"href":"https:\/\/diarioregionaldigital.com.br\/index.php?rest_route=%2Fwp%2Fv2%2Fcategories&post=204310"},{"taxonomy":"post_tag","embeddable":true,"href":"https:\/\/diarioregionaldigital.com.br\/index.php?rest_route=%2Fwp%2Fv2%2Ftags&post=204310"}],"curies":[{"name":"wp","href":"https:\/\/api.w.org\/{rel}","templated":true}]}}