{"id":204301,"date":"2022-09-15T21:29:47","date_gmt":"2022-09-16T00:29:47","guid":{"rendered":"https:\/\/diarioregionaldigital.com.br\/?p=204301"},"modified":"2022-09-15T21:29:47","modified_gmt":"2022-09-16T00:29:47","slug":"ministerio-da-economia-lanca-portal-unico-sobre-investimentos","status":"publish","type":"post","link":"https:\/\/diarioregionaldigital.com.br\/?p=204301","title":{"rendered":"Minist\u00e9rio da Economia lan\u00e7a portal \u00fanico sobre investimentos"},"content":{"rendered":"<p>A partir de\u00a0hoje\u00a0(15), cidad\u00e3os e empresas nacionais e estrangeiros podem consultar a situa\u00e7\u00e3o dos investimentos p\u00fablicos e privados no Brasil. O Comit\u00ea Nacional de Investimentos da C\u00e2mara de Com\u00e9rcio Exterior (Camex) do Minist\u00e9rio da Economia lan\u00e7ou o\u00a0<a href=\"https:\/\/www.gov.br\/economia\/pt-br\/assuntos\/noticias\/2022\/setembro\/ministerio-da-economia-lanca-portal-unico-de-informacoes-sobre-investimentos\" target=\"_blank\" rel=\"noopener\">Portal \u00danico de Informa\u00e7\u00f5es sobre Investimentos<\/a>.<img decoding=\"async\" src=\"https:\/\/agenciabrasil.ebc.com.br\/ebc.png?id=1482578&amp;o=node\" \/><img decoding=\"async\" src=\"https:\/\/agenciabrasil.ebc.com.br\/ebc.gif?id=1482578&amp;o=node\" \/><\/p>\n<p>A plataforma consolida, em portugu\u00eas e ingl\u00eas, as principais informa\u00e7\u00f5es dos \u00f3rg\u00e3os federais sobre investimento. Na pr\u00f3xima fase, o portal incluir\u00e1 links dos \u00f3rg\u00e3os estaduais que integram a Rede de Pontos Focais do Ombudsman de Investimentos Diretos (OID).<\/p>\n<p>Apesar de ser destinada ao p\u00fablico estrangeiro, a p\u00e1gina tamb\u00e9m pode ser consultada por investidores brasileiros. Segundo a Camex, o mecanismo de consulta j\u00e1 segue as normas de transpar\u00eancia do futuro Acordo sobre a Facilita\u00e7\u00e3o do Investimento para o Desenvolvimento, em negocia\u00e7\u00e3o na Organiza\u00e7\u00e3o Mundial do Com\u00e9rcio (OMC).<\/p>\n<h2>Conte\u00fado<\/h2>\n<p>As informa\u00e7\u00f5es consolidadas abordam quatro grandes temas: acordos internacionais; facilita\u00e7\u00e3o de investimento (apoio ao investidor); oportunidades de investimento;\u00a0legisla\u00e7\u00e3o e regula\u00e7\u00e3o. Os dados foram compilados ao longo de v\u00e1rias reuni\u00f5es com \u00f3rg\u00e3os e ag\u00eancias da Rede de Pontos Focais do OID, que indicaram os links oficiais sobre cada tema.<\/p>\n<p>O trabalho foi coordenado pela Subsecretaria de Investimentos Estrangeiros (Sinve) da Camex, com o apoio do Minist\u00e9rio da Infraestrutura e da Secretaria Especial de Parcerias P\u00fablicas de Investimentos do Minist\u00e9rio da Economia.<\/p>\n<h2>Conduta empresarial<\/h2>\n<p>Na mesma reuni\u00e3o, o Comit\u00ea Nacional de Investimentos da Camex aprovou o Plano de A\u00e7\u00e3o em Conduta Empresarial Respons\u00e1vel (Pacer). O cumprimento de diretrizes e de pol\u00edticas empresariais respons\u00e1veis \u00e9 um dos requisitos para a acess\u00e3o do Brasil \u00e0 Organiza\u00e7\u00e3o para a Coopera\u00e7\u00e3o e Desenvolvimento Econ\u00f4mico (OCDE).<\/p>\n<p>O plano pretende mapear as pol\u00edticas p\u00fablicas relacionadas ao tema, melhorar a coer\u00eancia entre elas e propor novas a\u00e7\u00f5es. Ele foi elaborado com base em planos desenvolvidos por outros pa\u00edses \u2013 como os Estados Unidos e a Fran\u00e7a.<\/p>\n<p>Segundo o Minist\u00e9rio da Economia, o plano tem um escopo mais amplo, abrangendo diretrizes de direitos humanos; emprego e rela\u00e7\u00f5es do trabalho; meio ambiente; combate \u00e0 corrup\u00e7\u00e3o; interesses do consumidor e concorr\u00eancia.<\/p>\n<p>O plano tamb\u00e9m aborda iniciativas em que o Estado promove a conduta empresarial respons\u00e1vel, como acordos comerciais e de investimentos, mecanismo de cr\u00e9dito \u00e0 exporta\u00e7\u00e3o e finan\u00e7as sustent\u00e1veis, entre outros temas.<\/p>\n<p>Foram inclu\u00eddas no plano iniciativas relacionadas \u00e0s pol\u00edticas ambiental, social e governan\u00e7a\u00a0(ESG, na sigla em ingl\u00eas), com o objetivo de promover investimentos mais qualificados e estimular a implementa\u00e7\u00e3o das melhores pr\u00e1ticas no governo e no setor empresarial.<\/p>\n<p><span style=\"font-weight: 400;\">Fonte: Ag\u00eancia Brasil <\/span><\/p>\n","protected":false},"excerpt":{"rendered":"<p>A partir de\u00a0hoje\u00a0(15), cidad\u00e3os e empresas nacionais e estrangeiros podem consultar a situa\u00e7\u00e3o dos investimentos p\u00fablicos e privados no Brasil. O Comit\u00ea Nacional de Investimentos da C\u00e2mara de Com\u00e9rcio Exterior (Camex) do Minist\u00e9rio da Economia lan\u00e7ou o\u00a0Portal \u00danico de Informa\u00e7\u00f5es sobre Investimentos. A plataforma consolida, em portugu\u00eas e ingl\u00eas, as principais informa\u00e7\u00f5es dos \u00f3rg\u00e3os federais [&hellip;]<\/p>\n","protected":false},"author":246,"featured_media":204302,"comment_status":"closed","ping_status":"closed","sticky":false,"template":"","format":"standard","meta":{"footnotes":""},"categories":[436,261,439],"tags":[],"class_list":["post-204301","post","type-post","status-publish","format-standard","has-post-thumbnail","hentry","category-destaque-da-semana","category-economia","category-ultima-hora"],"_links":{"self":[{"href":"https:\/\/diarioregionaldigital.com.br\/index.php?rest_route=\/wp\/v2\/posts\/204301","targetHints":{"allow":["GET"]}}],"collection":[{"href":"https:\/\/diarioregionaldigital.com.br\/index.php?rest_route=\/wp\/v2\/posts"}],"about":[{"href":"https:\/\/diarioregionaldigital.com.br\/index.php?rest_route=\/wp\/v2\/types\/post"}],"author":[{"embeddable":true,"href":"https:\/\/diarioregionaldigital.com.br\/index.php?rest_route=\/wp\/v2\/users\/246"}],"replies":[{"embeddable":true,"href":"https:\/\/diarioregionaldigital.com.br\/index.php?rest_route=%2Fwp%2Fv2%2Fcomments&post=204301"}],"version-history":[{"count":1,"href":"https:\/\/diarioregionaldigital.com.br\/index.php?rest_route=\/wp\/v2\/posts\/204301\/revisions"}],"predecessor-version":[{"id":204303,"href":"https:\/\/diarioregionaldigital.com.br\/index.php?rest_route=\/wp\/v2\/posts\/204301\/revisions\/204303"}],"wp:featuredmedia":[{"embeddable":true,"href":"https:\/\/diarioregionaldigital.com.br\/index.php?rest_route=\/wp\/v2\/media\/204302"}],"wp:attachment":[{"href":"https:\/\/diarioregionaldigital.com.br\/index.php?rest_route=%2Fwp%2Fv2%2Fmedia&parent=204301"}],"wp:term":[{"taxonomy":"category","embeddable":true,"href":"https:\/\/diarioregionaldigital.com.br\/index.php?rest_route=%2Fwp%2Fv2%2Fcategories&post=204301"},{"taxonomy":"post_tag","embeddable":true,"href":"https:\/\/diarioregionaldigital.com.br\/index.php?rest_route=%2Fwp%2Fv2%2Ftags&post=204301"}],"curies":[{"name":"wp","href":"https:\/\/api.w.org\/{rel}","templated":true}]}}