{"id":204290,"date":"2022-09-14T17:34:03","date_gmt":"2022-09-14T20:34:03","guid":{"rendered":"https:\/\/diarioregionaldigital.com.br\/?p=204290"},"modified":"2022-09-14T17:34:03","modified_gmt":"2022-09-14T20:34:03","slug":"pjf-conclui-a-instalacao-de-mais-um-parcao-na-cidade","status":"publish","type":"post","link":"https:\/\/diarioregionaldigital.com.br\/?p=204290","title":{"rendered":"PJF conclui a instala\u00e7\u00e3o de mais um parc\u00e3o na cidade"},"content":{"rendered":"<p>Segundo informa\u00e7\u00f5es do site da Prefeitura de Juiz de Fora (PJF), para garantir ainda mais o lazer de toda a fam\u00edlia, incluindo a dos pets, a Prefeitura de Juiz de Fora (PJF) concluiu nesta quarta-feira, 14, a instala\u00e7\u00e3o de mais um parc\u00e3o. A nova estrutura est\u00e1 localizada na Pra\u00e7a Armando Toschi Ministrinho,\u00a0no bairro Jardim Gl\u00f3ria.<\/p>\n<p>Os c\u00e3es e gatos da regi\u00e3o agora contam com um espa\u00e7o de mais de 140 metros quadrados de \u00e1rea livre e segura para que possam correr e se divertir sem correr riscos. Este \u00e9 o terceiro parc\u00e3o inaugurado em 2022. Os outros dois est\u00e3o nas pra\u00e7as Menelick de Carvalho (dos Namorados) e na Pedro Marques (Pra\u00e7a da Melquita), ambas no bairro Santa Helena.<\/p>\n","protected":false},"excerpt":{"rendered":"<p>Segundo informa\u00e7\u00f5es do site da Prefeitura de Juiz de Fora (PJF), para garantir ainda mais o lazer de toda a fam\u00edlia, incluindo a dos pets, a Prefeitura de Juiz de Fora (PJF) concluiu nesta quarta-feira, 14, a instala\u00e7\u00e3o de mais um parc\u00e3o. A nova estrutura est\u00e1 localizada na Pra\u00e7a Armando Toschi Ministrinho,\u00a0no bairro Jardim Gl\u00f3ria. [&hellip;]<\/p>\n","protected":false},"author":246,"featured_media":204291,"comment_status":"closed","ping_status":"closed","sticky":false,"template":"","format":"standard","meta":{"footnotes":""},"categories":[253,436,439],"tags":[],"class_list":["post-204290","post","type-post","status-publish","format-standard","has-post-thumbnail","hentry","category-cidade","category-destaque-da-semana","category-ultima-hora"],"_links":{"self":[{"href":"https:\/\/diarioregionaldigital.com.br\/index.php?rest_route=\/wp\/v2\/posts\/204290","targetHints":{"allow":["GET"]}}],"collection":[{"href":"https:\/\/diarioregionaldigital.com.br\/index.php?rest_route=\/wp\/v2\/posts"}],"about":[{"href":"https:\/\/diarioregionaldigital.com.br\/index.php?rest_route=\/wp\/v2\/types\/post"}],"author":[{"embeddable":true,"href":"https:\/\/diarioregionaldigital.com.br\/index.php?rest_route=\/wp\/v2\/users\/246"}],"replies":[{"embeddable":true,"href":"https:\/\/diarioregionaldigital.com.br\/index.php?rest_route=%2Fwp%2Fv2%2Fcomments&post=204290"}],"version-history":[{"count":1,"href":"https:\/\/diarioregionaldigital.com.br\/index.php?rest_route=\/wp\/v2\/posts\/204290\/revisions"}],"predecessor-version":[{"id":204292,"href":"https:\/\/diarioregionaldigital.com.br\/index.php?rest_route=\/wp\/v2\/posts\/204290\/revisions\/204292"}],"wp:featuredmedia":[{"embeddable":true,"href":"https:\/\/diarioregionaldigital.com.br\/index.php?rest_route=\/wp\/v2\/media\/204291"}],"wp:attachment":[{"href":"https:\/\/diarioregionaldigital.com.br\/index.php?rest_route=%2Fwp%2Fv2%2Fmedia&parent=204290"}],"wp:term":[{"taxonomy":"category","embeddable":true,"href":"https:\/\/diarioregionaldigital.com.br\/index.php?rest_route=%2Fwp%2Fv2%2Fcategories&post=204290"},{"taxonomy":"post_tag","embeddable":true,"href":"https:\/\/diarioregionaldigital.com.br\/index.php?rest_route=%2Fwp%2Fv2%2Ftags&post=204290"}],"curies":[{"name":"wp","href":"https:\/\/api.w.org\/{rel}","templated":true}]}}