{"id":204287,"date":"2022-09-14T17:32:24","date_gmt":"2022-09-14T20:32:24","guid":{"rendered":"https:\/\/diarioregionaldigital.com.br\/?p=204287"},"modified":"2022-09-14T17:32:24","modified_gmt":"2022-09-14T20:32:24","slug":"prefeitura-inicia-pavimentacao-no-bairro-parque-serra-verde","status":"publish","type":"post","link":"https:\/\/diarioregionaldigital.com.br\/?p=204287","title":{"rendered":"Prefeitura inicia pavimenta\u00e7\u00e3o no bairro Parque Serra Verde"},"content":{"rendered":"<p>Segundo informa\u00e7\u00f5es do site da Prefeitura de Juiz de Fora (PJF), a PJF iniciou nesta quarta-feira, 14, a pavimenta\u00e7\u00e3o da Estrada Athos Branco da Rosa, no bairro Parque Serra Verde, pr\u00f3ximo \u00e0 represa do Po\u00e7o D\u2019Antas. Al\u00e9m da Estrada Athos Branco da Rosa, a Rua Lu\u00eds Gonzaga de Figueiredo tamb\u00e9m receber\u00e1 nova pavimenta\u00e7\u00e3o.<\/p>\n<p>Os trabalhos no Parque Serra Verde foram iniciados ap\u00f3s a Secretaria de Obras (SO) concluir a constru\u00e7\u00e3o da nova rede de drenagem do local, rompida ap\u00f3s as chuvas hist\u00f3ricas do in\u00edcio deste ano. No total, foram reconstru\u00eddas mais de 600 metros de redes de drenagem, al\u00e9m de um escad\u00e3o hidr\u00e1ulico para melhor escoamento das \u00e1guas pluviais. Mais informa\u00e7\u00f5es sobre a obra voc\u00ea confere<a href=\"https:\/\/www.pjf.mg.gov.br\/noticias\/view.php?modo=link2&amp;idnoticia2=74617\">\u00a0<strong>aqui<\/strong><\/a>.<\/p>\n<p>No total, 300 metros de comprimento da Estrada Athos Branco da Rosa e 86 metros da Lu\u00eds Gonzaga de Figueiredo receber\u00e3o asfalto novo. Com a conclus\u00e3o da pavimenta\u00e7\u00e3o, al\u00e9m da reativa\u00e7\u00e3o da via que liga os bairros S\u00e3o Benedito e Nossa Senhora de Lourdes, a nova rede de drenagem impedir\u00e1 o surgimento de eros\u00f5es e outros danos ao pavimento e \u00e0 popula\u00e7\u00e3o.<\/p>\n<p><strong>Opera\u00e7\u00e3o tapa-buracos<\/strong><\/p>\n<p>Junto com a pavimenta\u00e7\u00e3o, as ruas que d\u00e3o acesso ao Horto Florestal receber\u00e3o tamb\u00e9m a opera\u00e7\u00e3o tapa-buracos para melhorar ainda mais o conforto e a seguran\u00e7a do trecho.<\/p>\n<p>A programa\u00e7\u00e3o completa das atividades realizadas pela Empav pode ser acompanhada diariamente atrav\u00e9s da p\u00e1gina do Gabinete de A\u00e7\u00e3o e Di\u00e1logo Comunit\u00e1rio, pelo<a href=\"https:\/\/www.pjf.mg.gov.br\/gabinetecomunitario\/#onde\">\u00a0<strong>link<\/strong><\/a>.<\/p>\n<p>Todas as a\u00e7\u00f5es de reestrutura\u00e7\u00e3o, urbaniza\u00e7\u00e3o e zeladoria realizadas pela Empav fazem parte do Programa Boniteza. Estes e outros servi\u00e7os podem ser solicitados atrav\u00e9s do Gabinete de A\u00e7\u00e3o e Di\u00e1logo Comunit\u00e1rio, que recebe e organiza pedidos relativos a interven\u00e7\u00f5es e melhorias urbanas. O contato pode ser feito por liga\u00e7\u00e3o telef\u00f4nica, pelo n\u00famero (32) 3690-7241 ou, ainda, via WhatsApp, utilizando o mesmo n\u00famero.<\/p>\n","protected":false},"excerpt":{"rendered":"<p>Segundo informa\u00e7\u00f5es do site da Prefeitura de Juiz de Fora (PJF), a PJF iniciou nesta quarta-feira, 14, a pavimenta\u00e7\u00e3o da Estrada Athos Branco da Rosa, no bairro Parque Serra Verde, pr\u00f3ximo \u00e0 represa do Po\u00e7o D\u2019Antas. Al\u00e9m da Estrada Athos Branco da Rosa, a Rua Lu\u00eds Gonzaga de Figueiredo tamb\u00e9m receber\u00e1 nova pavimenta\u00e7\u00e3o. Os trabalhos [&hellip;]<\/p>\n","protected":false},"author":246,"featured_media":204288,"comment_status":"closed","ping_status":"closed","sticky":false,"template":"","format":"standard","meta":{"footnotes":""},"categories":[253,436,439],"tags":[],"class_list":["post-204287","post","type-post","status-publish","format-standard","has-post-thumbnail","hentry","category-cidade","category-destaque-da-semana","category-ultima-hora"],"_links":{"self":[{"href":"https:\/\/diarioregionaldigital.com.br\/index.php?rest_route=\/wp\/v2\/posts\/204287","targetHints":{"allow":["GET"]}}],"collection":[{"href":"https:\/\/diarioregionaldigital.com.br\/index.php?rest_route=\/wp\/v2\/posts"}],"about":[{"href":"https:\/\/diarioregionaldigital.com.br\/index.php?rest_route=\/wp\/v2\/types\/post"}],"author":[{"embeddable":true,"href":"https:\/\/diarioregionaldigital.com.br\/index.php?rest_route=\/wp\/v2\/users\/246"}],"replies":[{"embeddable":true,"href":"https:\/\/diarioregionaldigital.com.br\/index.php?rest_route=%2Fwp%2Fv2%2Fcomments&post=204287"}],"version-history":[{"count":1,"href":"https:\/\/diarioregionaldigital.com.br\/index.php?rest_route=\/wp\/v2\/posts\/204287\/revisions"}],"predecessor-version":[{"id":204289,"href":"https:\/\/diarioregionaldigital.com.br\/index.php?rest_route=\/wp\/v2\/posts\/204287\/revisions\/204289"}],"wp:featuredmedia":[{"embeddable":true,"href":"https:\/\/diarioregionaldigital.com.br\/index.php?rest_route=\/wp\/v2\/media\/204288"}],"wp:attachment":[{"href":"https:\/\/diarioregionaldigital.com.br\/index.php?rest_route=%2Fwp%2Fv2%2Fmedia&parent=204287"}],"wp:term":[{"taxonomy":"category","embeddable":true,"href":"https:\/\/diarioregionaldigital.com.br\/index.php?rest_route=%2Fwp%2Fv2%2Fcategories&post=204287"},{"taxonomy":"post_tag","embeddable":true,"href":"https:\/\/diarioregionaldigital.com.br\/index.php?rest_route=%2Fwp%2Fv2%2Ftags&post=204287"}],"curies":[{"name":"wp","href":"https:\/\/api.w.org\/{rel}","templated":true}]}}