{"id":204284,"date":"2022-09-14T17:29:32","date_gmt":"2022-09-14T20:29:32","guid":{"rendered":"https:\/\/diarioregionaldigital.com.br\/?p=204284"},"modified":"2022-09-14T17:29:32","modified_gmt":"2022-09-14T20:29:32","slug":"premio-amigo-do-patrimonio-sera-entregue-sexta-16-no-teatro-paschoal","status":"publish","type":"post","link":"https:\/\/diarioregionaldigital.com.br\/?p=204284","title":{"rendered":"Pr\u00eamio Amigo do Patrim\u00f4nio ser\u00e1 entregue sexta, 16, no Teatro Paschoal"},"content":{"rendered":"<p>Segundo informa\u00e7\u00f5es do site da Prefeitura de Juiz de Fora (PJF), em sess\u00e3o solene no Teatro Paschoal Carlos Magno, localizado na Rua Gilberto de Alencar, atr\u00e1s da Igreja S\u00e3o Sebasti\u00e3o &#8211; Centro, a Prefeitura de Juiz de Fora (PJF) e o Conselho Municipal de Prote\u00e7\u00e3o do Patrim\u00f4nio Cultural (Comppac) entregam na pr\u00f3xima sexta-feira, 16, \u00e0s 19h, os certificados do 17\u00ba Pr\u00eamio Amigo do Patrim\u00f4nio.<\/p>\n<p>Na edi\u00e7\u00e3o 2022, foram contempladas 12 iniciativas de pessoas f\u00edsicas e jur\u00eddicas voltadas para a defesa, a divulga\u00e7\u00e3o e a conserva\u00e7\u00e3o do patrim\u00f4nio material e imaterial da cidade. Tamb\u00e9m foram conferidas quatro men\u00e7\u00f5es honrosas, como incentivo para a continuidade de outras a\u00e7\u00f5es nessa linha.<\/p>\n<p>A cerim\u00f4nia de premia\u00e7\u00e3o ter\u00e1 apresenta\u00e7\u00e3o musical com a soprano Patr\u00edcia Guimar\u00e3es e o pianista Guilherme Veronese, do Conservat\u00f3rio Estadual de M\u00fasica Aid\u00e9e Fran\u00e7a Americano. A entrada \u00e9\u00a0franca e livre para todos os p\u00fablicos, conforme a capacidade de lota\u00e7\u00e3o do teatro.<\/p>\n<p>\u201cAo homenagear aquelas e aqueles que muito fazem para proteger e perpetuar nosso patrim\u00f4nio hist\u00f3rico, estamos tamb\u00e9m homenageando a pr\u00f3pria Juiz de Fora naquilo que ela tem de mais importante: sua gente e sua luta por uma cidade e um futuro melhor\u201d, afirma a prefeita Margarida Salom\u00e3o.<\/p>\n<p>J\u00e1 a diretora-geral da Funda\u00e7\u00e3o Cultural Alfredo Ferreira Lage (Funalfa), Giane Elisa Sales de Almeida, destaca que \u201ccuidar \u00e9 revolucion\u00e1rio, pois \u00e9 comprometimento. Ser amiga do patrim\u00f4nio \u00e9 ato de cuidado com a mem\u00f3ria de um lugar. A amizade com o patrim\u00f4nio cultural confere a cada pessoa agraciada, o reconhecimento de seu papel na hist\u00f3ria de Juiz de Fora.\u201d<\/p>\n<p>Gerente do Departamento de Mem\u00f3ria e Patrim\u00f4nio Cultural da Funalfa, a historiadora Rita F\u00e9lix acrescenta: \u201cO que \u00e9 muito legal no Pr\u00eamio Amigo do Patrim\u00f4nio \u00e9 que a gente aprende, a cada dia, mais e mais express\u00f5es de nossa cultura, que s\u00e3o apontadas pela pr\u00f3pria popula\u00e7\u00e3o. Isso \u00e9 democracia. Isso \u00e9 participa\u00e7\u00e3o popular\u2026 coisas da gente\u201d.<\/p>\n<p>O Pr\u00eamio Amigo do Patrim\u00f4nio foi institu\u00eddo pela Lei\u00a0lei 11.111, de 25 de abril de 2006,sendo promovido anualmente pelo Conselho Municipal de Preserva\u00e7\u00e3o do Patrim\u00f4nio Cultural (Comppac), com organiza\u00e7\u00e3o da Funalfa, por meio do Departamento de Mem\u00f3ria e Patrim\u00f4nio Cultural (Dmpac).<\/p>\n<p><strong>Premiados<\/strong><br \/>\n1. Centro de Conserva\u00e7\u00e3o da Mem\u00f3ria (Cecom-UFJF) e um de seus projetos de educa\u00e7\u00e3o patrimonial, o Podcast Podkids, em reconhecimento ao ineditismo da a\u00e7\u00e3o de educa\u00e7\u00e3o patrimonial na cidade e os diversos projetos voltados para a mem\u00f3ria local.<\/p>\n<p>&nbsp;<\/p>\n<p>2. Coletivo Vozes da Rua pelo trabalho de Adenilde Petrina e diversos artistas com trabalhos relevantes como a R\u00e1dio Mega FM, o Slam da Perifa, a\u00e7\u00f5es de hip-hop e a valoriza\u00e7\u00e3o das mem\u00f3rias ancestrais para al\u00e9m do Bairro Santa C\u00e2ndida.<\/p>\n<p>&nbsp;<\/p>\n<p>3. Dona Mar\u00edlia e sua resid\u00eancia, em reconhecimento \u00e0 transforma\u00e7\u00e3o de sua casa em museu e a abertura do espa\u00e7o \u00e0 comunidade (Rua Adailton Garcia 77 &#8211; Bairro JK).<\/p>\n<p>&nbsp;<\/p>\n<p>4. Instituto Hist\u00f3rico Geogr\u00e1fico de Juiz de Fora (IHGJF), em reconhecimento \u00e0s a\u00e7\u00f5es atuais de abertura e divulga\u00e7\u00e3o para a comunidade, bem como a diversifica\u00e7\u00e3o de seus membros.<\/p>\n<p>&nbsp;<\/p>\n<p>5. Washington Londres pelo resgate da mem\u00f3ria da imigra\u00e7\u00e3o judaica e o esfor\u00e7o pela compila\u00e7\u00e3o da Biblioteca Hebraica, contendo o segundo maior acervo bibliogr\u00e1fico de Minas, promovendo a visibiliza\u00e7\u00e3o da cultura judaica.<\/p>\n<p>&nbsp;<\/p>\n<p>6. Sil Andrade e o projeto Recuo da Bossa, pela valoriza\u00e7\u00e3o da arte de rua e por sua milit\u00e2ncia em prol da cultura na cidade.<\/p>\n<p>&nbsp;<\/p>\n<p>7. Mestre J\u00f4, um dos mestres do saber mais antigos em atividade, s\u00edmbolo da resist\u00eancia negra, atrav\u00e9s de seu conhecimento como mestre de Capoeira e engajamento na divulga\u00e7\u00e3o dessa cultura ancestral.<\/p>\n<p>&nbsp;<\/p>\n<p>8. Concei\u00e7\u00e3o Aparecida Chula Martins, a Concei\u00e7\u00e3o de Oy\u00e1, pelos 65 anos de dedica\u00e7\u00e3o e muita caridade \u00e0 frente da Tenda Esp\u00edrita Casa dos Orix\u00e1s, sendo reconhecida pela comunidade da umbanda como espelho de dignidade, lealdade e comprometimento com a religi\u00e3o.<\/p>\n<p>&nbsp;<\/p>\n<p>9. Heliane Cazarin Henriques, em reconhecimento \u00e0 sua dedica\u00e7\u00e3o ao patrim\u00f4nio documental na Biblioteca Municipal Murilo Mendes. Servidora aposentada, ela permanece atuando no local de forma volunt\u00e1ria.<\/p>\n<p>&nbsp;<\/p>\n<p>10. Ina\u00edna dos Santos Germanos, em reconhecimento a sua atua\u00e7\u00e3o no bairro Santa Rita \u00e0 frente da preserva\u00e7\u00e3o de uma Mina D&#8217;\u00e1gua, localizada no bairro N. Sr\u00aa Aparecida, enquanto lugar de mem\u00f3ria para a comunidade. A a\u00e7\u00e3o foi recomendada para estudo do DMPAC de indica\u00e7\u00e3o a registro e tombamento.<\/p>\n<p>&nbsp;<\/p>\n<p>11. Fabr\u00edcio da Silva Fernandes, em reconhecimento pela atua\u00e7\u00e3o do historiador em prol da preserva\u00e7\u00e3o do patrim\u00f4nio na cidade, sendo ele um dos principais articuladores do Fundo Municipal do Patrim\u00f4nio.<\/p>\n<p>&nbsp;<\/p>\n<p>12. Centro Esp\u00edrita Santo Ant\u00f4nio de Umbanda (P\u00e9 de Ferro), em reconhecimento como um dos mais antigos centros em atua\u00e7\u00e3o na cidade. Mant\u00e9m as tradi\u00e7\u00f5es da umbanda, preserva a mem\u00f3ria e representa a cultura ancestral em Juiz de Fora.<\/p>\n<p><strong>Men\u00e7\u00f5es honrosas<\/strong><br \/>\n1. Neli de Aquino, pela a\u00e7\u00e3o volunt\u00e1ria de recupera\u00e7\u00e3o da mem\u00f3ria do bairro Mariano Proc\u00f3pio e seus antigos moradores .<\/p>\n<p>&nbsp;<\/p>\n<p>2. Colorindo o Bem &#8211; Edi\u00e7\u00e3o Conservat\u00f3rio Estadual de M\u00fasica Haid\u00e9e Fran\u00e7a Americano, atrav\u00e9s da iniciativa de Leonardo Alves, como reconhecimento e incentivo \u00e0 execu\u00e7\u00e3o da a\u00e7\u00e3o.<\/p>\n<p>&nbsp;<\/p>\n<p>3. Mocidade Independente do Progresso, em reconhecimento \u00e0 diversidade de a\u00e7\u00f5es de valoriza\u00e7\u00e3o da cultura do samba.<\/p>\n<p>&nbsp;<\/p>\n<p>4. Associa\u00e7\u00e3o Cultural e Recreativa Brasil-Alemanha, em reconhecimento \u00e0 diversidade de a\u00e7\u00f5es de valoriza\u00e7\u00e3o da cultura alem\u00e3.<\/p>\n","protected":false},"excerpt":{"rendered":"<p>Segundo informa\u00e7\u00f5es do site da Prefeitura de Juiz de Fora (PJF), em sess\u00e3o solene no Teatro Paschoal Carlos Magno, localizado na Rua Gilberto de Alencar, atr\u00e1s da Igreja S\u00e3o Sebasti\u00e3o &#8211; Centro, a Prefeitura de Juiz de Fora (PJF) e o Conselho Municipal de Prote\u00e7\u00e3o do Patrim\u00f4nio Cultural (Comppac) entregam na pr\u00f3xima sexta-feira, 16, \u00e0s [&hellip;]<\/p>\n","protected":false},"author":246,"featured_media":204285,"comment_status":"closed","ping_status":"closed","sticky":false,"template":"","format":"standard","meta":{"footnotes":""},"categories":[253,436,439],"tags":[],"class_list":["post-204284","post","type-post","status-publish","format-standard","has-post-thumbnail","hentry","category-cidade","category-destaque-da-semana","category-ultima-hora"],"_links":{"self":[{"href":"https:\/\/diarioregionaldigital.com.br\/index.php?rest_route=\/wp\/v2\/posts\/204284","targetHints":{"allow":["GET"]}}],"collection":[{"href":"https:\/\/diarioregionaldigital.com.br\/index.php?rest_route=\/wp\/v2\/posts"}],"about":[{"href":"https:\/\/diarioregionaldigital.com.br\/index.php?rest_route=\/wp\/v2\/types\/post"}],"author":[{"embeddable":true,"href":"https:\/\/diarioregionaldigital.com.br\/index.php?rest_route=\/wp\/v2\/users\/246"}],"replies":[{"embeddable":true,"href":"https:\/\/diarioregionaldigital.com.br\/index.php?rest_route=%2Fwp%2Fv2%2Fcomments&post=204284"}],"version-history":[{"count":1,"href":"https:\/\/diarioregionaldigital.com.br\/index.php?rest_route=\/wp\/v2\/posts\/204284\/revisions"}],"predecessor-version":[{"id":204286,"href":"https:\/\/diarioregionaldigital.com.br\/index.php?rest_route=\/wp\/v2\/posts\/204284\/revisions\/204286"}],"wp:featuredmedia":[{"embeddable":true,"href":"https:\/\/diarioregionaldigital.com.br\/index.php?rest_route=\/wp\/v2\/media\/204285"}],"wp:attachment":[{"href":"https:\/\/diarioregionaldigital.com.br\/index.php?rest_route=%2Fwp%2Fv2%2Fmedia&parent=204284"}],"wp:term":[{"taxonomy":"category","embeddable":true,"href":"https:\/\/diarioregionaldigital.com.br\/index.php?rest_route=%2Fwp%2Fv2%2Fcategories&post=204284"},{"taxonomy":"post_tag","embeddable":true,"href":"https:\/\/diarioregionaldigital.com.br\/index.php?rest_route=%2Fwp%2Fv2%2Ftags&post=204284"}],"curies":[{"name":"wp","href":"https:\/\/api.w.org\/{rel}","templated":true}]}}