{"id":204281,"date":"2022-09-14T17:27:24","date_gmt":"2022-09-14T20:27:24","guid":{"rendered":"https:\/\/diarioregionaldigital.com.br\/?p=204281"},"modified":"2022-09-14T17:27:24","modified_gmt":"2022-09-14T20:27:24","slug":"remodelacao-de-redes-de-esgoto-no-bairro-vila-esperanca-ii-ja-esta-60-concluida","status":"publish","type":"post","link":"https:\/\/diarioregionaldigital.com.br\/?p=204281","title":{"rendered":"Remodela\u00e7\u00e3o de redes de esgoto no bairro Vila Esperan\u00e7a II j\u00e1 est\u00e1 60% conclu\u00edda"},"content":{"rendered":"<p>Segundo informa\u00e7\u00f5es do site da Prefeitura de Juiz de Fora (PJF), em outubro, os moradores da Rua Jo\u00e3o Ribeiro Novaes, no bairro Vila Esperan\u00e7a II, j\u00e1 ir\u00e3o contar com um servi\u00e7o de coleta de esgoto refor\u00e7ado. A Prefeitura de Juiz de Fora (PJF) j\u00e1 executou 60% das obras de remodela\u00e7\u00e3o de 480 metros de redes na via, na travessa de mesmo nome e na \u00e1rea de servid\u00e3o pr\u00f3xima.<br \/>\nNesse trecho, desde agosto, est\u00e3o sendo implantados tubos de PVC ocre, com di\u00e2metros de 200 e 150 mil\u00edmetros. O novo material ir\u00e1 substituir as antigas manilhas de barro que atendiam a regi\u00e3o, aumentando a vida \u00fatil da tubula\u00e7\u00e3o e facilitando sua manuten\u00e7\u00e3o.<br \/>\nPara a execu\u00e7\u00e3o da obra, o tr\u00e2nsito na via est\u00e1 parcialmente interditado de segunda a sexta-feira, das 8h \u00e0s 17h. Assim, a Companhia de Saneamento Municipal (Cesama) pede aos moradores que, se poss\u00edvel, retirem seus ve\u00edculos da rua antes do in\u00edcio dos trabalhos.<br \/>\nAs a\u00e7\u00f5es de remodela\u00e7\u00e3o s\u00e3o realizadas ao longo de todo o ano, seguindo programa\u00e7\u00e3o de prioridades, quando \u00e9 avaliada a necessidade de troca. Esta an\u00e1lise leva em conta a antiguidade e o desgaste do material, o fato de o dimensionamento da tubula\u00e7\u00e3o j\u00e1 n\u00e3o ser compat\u00edvel com o n\u00famero de im\u00f3veis atendidos e os transtornos causados aos usu\u00e1rios do sistema, al\u00e9m dos custos de manuten\u00e7\u00e3o.<br \/>\n<strong>Outras informa\u00e7\u00f5es:<\/strong><\/p>\n<p>(32) 3692-9179 &#8211; Assessoria de Comunica\u00e7\u00e3o da Cesama<\/p>\n","protected":false},"excerpt":{"rendered":"<p>Segundo informa\u00e7\u00f5es do site da Prefeitura de Juiz de Fora (PJF), em outubro, os moradores da Rua Jo\u00e3o Ribeiro Novaes, no bairro Vila Esperan\u00e7a II, j\u00e1 ir\u00e3o contar com um servi\u00e7o de coleta de esgoto refor\u00e7ado. A Prefeitura de Juiz de Fora (PJF) j\u00e1 executou 60% das obras de remodela\u00e7\u00e3o de 480 metros de redes [&hellip;]<\/p>\n","protected":false},"author":246,"featured_media":204282,"comment_status":"closed","ping_status":"closed","sticky":false,"template":"","format":"standard","meta":{"footnotes":""},"categories":[253,436,440,439],"tags":[],"class_list":["post-204281","post","type-post","status-publish","format-standard","has-post-thumbnail","hentry","category-cidade","category-destaque-da-semana","category-destaques-do-dia","category-ultima-hora"],"_links":{"self":[{"href":"https:\/\/diarioregionaldigital.com.br\/index.php?rest_route=\/wp\/v2\/posts\/204281","targetHints":{"allow":["GET"]}}],"collection":[{"href":"https:\/\/diarioregionaldigital.com.br\/index.php?rest_route=\/wp\/v2\/posts"}],"about":[{"href":"https:\/\/diarioregionaldigital.com.br\/index.php?rest_route=\/wp\/v2\/types\/post"}],"author":[{"embeddable":true,"href":"https:\/\/diarioregionaldigital.com.br\/index.php?rest_route=\/wp\/v2\/users\/246"}],"replies":[{"embeddable":true,"href":"https:\/\/diarioregionaldigital.com.br\/index.php?rest_route=%2Fwp%2Fv2%2Fcomments&post=204281"}],"version-history":[{"count":1,"href":"https:\/\/diarioregionaldigital.com.br\/index.php?rest_route=\/wp\/v2\/posts\/204281\/revisions"}],"predecessor-version":[{"id":204283,"href":"https:\/\/diarioregionaldigital.com.br\/index.php?rest_route=\/wp\/v2\/posts\/204281\/revisions\/204283"}],"wp:featuredmedia":[{"embeddable":true,"href":"https:\/\/diarioregionaldigital.com.br\/index.php?rest_route=\/wp\/v2\/media\/204282"}],"wp:attachment":[{"href":"https:\/\/diarioregionaldigital.com.br\/index.php?rest_route=%2Fwp%2Fv2%2Fmedia&parent=204281"}],"wp:term":[{"taxonomy":"category","embeddable":true,"href":"https:\/\/diarioregionaldigital.com.br\/index.php?rest_route=%2Fwp%2Fv2%2Fcategories&post=204281"},{"taxonomy":"post_tag","embeddable":true,"href":"https:\/\/diarioregionaldigital.com.br\/index.php?rest_route=%2Fwp%2Fv2%2Ftags&post=204281"}],"curies":[{"name":"wp","href":"https:\/\/api.w.org\/{rel}","templated":true}]}}