{"id":204169,"date":"2022-09-12T21:14:36","date_gmt":"2022-09-13T00:14:36","guid":{"rendered":"https:\/\/diarioregionaldigital.com.br\/?p=204169"},"modified":"2022-09-12T21:14:36","modified_gmt":"2022-09-13T00:14:36","slug":"camara-recebe-pl-que-propoe-a-criacao-de-areas-de-grau","status":"publish","type":"post","link":"https:\/\/diarioregionaldigital.com.br\/?p=204169","title":{"rendered":"C\u00e2mara recebe PL que prop\u00f5e a cria\u00e7\u00e3o de \u00e1reas de grau"},"content":{"rendered":"<p>Segundo informa\u00e7\u00f5es do site da C\u00e2mara de Juiz de Fora (PJF), a institui\u00e7\u00e3o de \u00e1reas de grau de moto no munic\u00edpio de Juiz de Fora \u00e9 o objetivo de um projeto de lei (PL) apresentado aos vereadores da C\u00e2mara Municipal de Juiz de Fora (CMJF) no \u00faltimo dia 28. A proposi\u00e7\u00e3o destaca, em sua reda\u00e7\u00e3o, que busca promover e incentivar o motociclismo radical como modalidade desportiva, visando tamb\u00e9m estimular o turismo na cidade.<\/p>\n<p style=\"font-weight: 400;\">O PL tamb\u00e9m apresenta a defini\u00e7\u00e3o do que ser\u00e3o as \u00e1reas de grau: espa\u00e7os destinados especialmente para a pr\u00e1tica consistente na realiza\u00e7\u00e3o de manobras radicais com o uso de motocicletas. Al\u00e9m disso, a justificativa da proposi\u00e7\u00e3o tamb\u00e9m aborda que a pr\u00e1tica da manobra popularmente conhecida como grau \u00e9 infra\u00e7\u00e3o de tr\u00e2nsito grav\u00edssima, e deve ser realizada em \u00e1rea reservada por colocar em risco a vida de pessoas.<\/p>\n<p style=\"font-weight: 400;\">A proposi\u00e7\u00e3o \u00e9 de autoria do vereador Marlon Siqueira (PP) e segue em tramita\u00e7\u00e3o na Casa Legislativa. Para conferir o texto completo e sua justificativa, \u00e9 s\u00f3 <a href=\"https:\/\/www.camarajf.mg.gov.br\/sal\/proposicaon.php?num=117211\">clicar aqui<\/a>.<\/p>\n","protected":false},"excerpt":{"rendered":"<p>Segundo informa\u00e7\u00f5es do site da C\u00e2mara de Juiz de Fora (PJF), a institui\u00e7\u00e3o de \u00e1reas de grau de moto no munic\u00edpio de Juiz de Fora \u00e9 o objetivo de um projeto de lei (PL) apresentado aos vereadores da C\u00e2mara Municipal de Juiz de Fora (CMJF) no \u00faltimo dia 28. A proposi\u00e7\u00e3o destaca, em sua reda\u00e7\u00e3o, [&hellip;]<\/p>\n","protected":false},"author":246,"featured_media":204170,"comment_status":"closed","ping_status":"closed","sticky":false,"template":"","format":"standard","meta":{"footnotes":""},"categories":[253,436,439],"tags":[],"class_list":["post-204169","post","type-post","status-publish","format-standard","has-post-thumbnail","hentry","category-cidade","category-destaque-da-semana","category-ultima-hora"],"_links":{"self":[{"href":"https:\/\/diarioregionaldigital.com.br\/index.php?rest_route=\/wp\/v2\/posts\/204169","targetHints":{"allow":["GET"]}}],"collection":[{"href":"https:\/\/diarioregionaldigital.com.br\/index.php?rest_route=\/wp\/v2\/posts"}],"about":[{"href":"https:\/\/diarioregionaldigital.com.br\/index.php?rest_route=\/wp\/v2\/types\/post"}],"author":[{"embeddable":true,"href":"https:\/\/diarioregionaldigital.com.br\/index.php?rest_route=\/wp\/v2\/users\/246"}],"replies":[{"embeddable":true,"href":"https:\/\/diarioregionaldigital.com.br\/index.php?rest_route=%2Fwp%2Fv2%2Fcomments&post=204169"}],"version-history":[{"count":1,"href":"https:\/\/diarioregionaldigital.com.br\/index.php?rest_route=\/wp\/v2\/posts\/204169\/revisions"}],"predecessor-version":[{"id":204171,"href":"https:\/\/diarioregionaldigital.com.br\/index.php?rest_route=\/wp\/v2\/posts\/204169\/revisions\/204171"}],"wp:featuredmedia":[{"embeddable":true,"href":"https:\/\/diarioregionaldigital.com.br\/index.php?rest_route=\/wp\/v2\/media\/204170"}],"wp:attachment":[{"href":"https:\/\/diarioregionaldigital.com.br\/index.php?rest_route=%2Fwp%2Fv2%2Fmedia&parent=204169"}],"wp:term":[{"taxonomy":"category","embeddable":true,"href":"https:\/\/diarioregionaldigital.com.br\/index.php?rest_route=%2Fwp%2Fv2%2Fcategories&post=204169"},{"taxonomy":"post_tag","embeddable":true,"href":"https:\/\/diarioregionaldigital.com.br\/index.php?rest_route=%2Fwp%2Fv2%2Ftags&post=204169"}],"curies":[{"name":"wp","href":"https:\/\/api.w.org\/{rel}","templated":true}]}}