{"id":204165,"date":"2022-09-12T21:12:27","date_gmt":"2022-09-13T00:12:27","guid":{"rendered":"https:\/\/diarioregionaldigital.com.br\/?p=204165"},"modified":"2022-09-12T21:12:27","modified_gmt":"2022-09-13T00:12:27","slug":"pl-propoes-inclusao-do-dia-do-macom-no-calendario-oficial-pi","status":"publish","type":"post","link":"https:\/\/diarioregionaldigital.com.br\/?p=204165","title":{"rendered":"PL prop\u00f5es inclus\u00e3o do dia do ma\u00e7om no calend\u00e1rio oficial PI"},"content":{"rendered":"<p>Segundo informa\u00e7\u00f5es do site da C\u00e2mara de Juiz de Fora (PJF), a C\u00e2mara Municipal de Juiz de Fora (CMJF) recebeu um projeto de lei (PL) que busca instituir o Dia do Ma\u00e7om no Calend\u00e1rio Oficial do munic\u00edpio. A proposi\u00e7\u00e3o chegou aos parlamentares durante o oitavo Per\u00edodo Legislativo e, em caso de aprova\u00e7\u00e3o, a data passar\u00e1 a ser comemorada anualmente no dia 20 de agosto.<\/p>\n<p style=\"font-weight: 400;\">A Ma\u00e7onaria chegou ao Brasil em 1801, ainda vinculada \u00e0s pot\u00eancias francesas. A primeira pot\u00eancia brasileira emergiu em 1822, na cidade do Rio de Janeiro. No ano de 1870, foi fundada a Loja Ma\u00e7\u00f4nica Fidelidade Mineira, a mais antiga de Minas Gerais em funcionamento, sendo considerada como a loja-m\u00e3e das 19 existentes no munic\u00edpio. A justificativa da proposta destaca tamb\u00e9m alguns dos ma\u00e7ons que passaram pela Casa Legislativa da cidade ao longo de sua hist\u00f3ria, como Pedro Maria Halfeld, Henrique Guilherme Halfeld, e Jos\u00e9 Caetano de Morais e Castro.<\/p>\n<p style=\"font-weight: 400;\">O PL \u00e9 de autoria do vereador Sargento Mello Casal (PTB) e, no momento, encontra-se como objeto de delibera\u00e7\u00e3o das comiss\u00f5es t\u00e9cnicas. Para acompanhar a tramita\u00e7\u00e3o da proposi\u00e7\u00e3o na Casa, \u00e9 s\u00f3 <a href=\"https:\/\/www.camarajf.mg.gov.br\/sal\/proposicaon.php?num=117136\">clicar aqui.<\/a><\/p>\n","protected":false},"excerpt":{"rendered":"<p>Segundo informa\u00e7\u00f5es do site da C\u00e2mara de Juiz de Fora (PJF), a C\u00e2mara Municipal de Juiz de Fora (CMJF) recebeu um projeto de lei (PL) que busca instituir o Dia do Ma\u00e7om no Calend\u00e1rio Oficial do munic\u00edpio. A proposi\u00e7\u00e3o chegou aos parlamentares durante o oitavo Per\u00edodo Legislativo e, em caso de aprova\u00e7\u00e3o, a data passar\u00e1 [&hellip;]<\/p>\n","protected":false},"author":246,"featured_media":204166,"comment_status":"closed","ping_status":"closed","sticky":false,"template":"","format":"standard","meta":{"footnotes":""},"categories":[253,436,439],"tags":[],"class_list":["post-204165","post","type-post","status-publish","format-standard","has-post-thumbnail","hentry","category-cidade","category-destaque-da-semana","category-ultima-hora"],"_links":{"self":[{"href":"https:\/\/diarioregionaldigital.com.br\/index.php?rest_route=\/wp\/v2\/posts\/204165","targetHints":{"allow":["GET"]}}],"collection":[{"href":"https:\/\/diarioregionaldigital.com.br\/index.php?rest_route=\/wp\/v2\/posts"}],"about":[{"href":"https:\/\/diarioregionaldigital.com.br\/index.php?rest_route=\/wp\/v2\/types\/post"}],"author":[{"embeddable":true,"href":"https:\/\/diarioregionaldigital.com.br\/index.php?rest_route=\/wp\/v2\/users\/246"}],"replies":[{"embeddable":true,"href":"https:\/\/diarioregionaldigital.com.br\/index.php?rest_route=%2Fwp%2Fv2%2Fcomments&post=204165"}],"version-history":[{"count":2,"href":"https:\/\/diarioregionaldigital.com.br\/index.php?rest_route=\/wp\/v2\/posts\/204165\/revisions"}],"predecessor-version":[{"id":204168,"href":"https:\/\/diarioregionaldigital.com.br\/index.php?rest_route=\/wp\/v2\/posts\/204165\/revisions\/204168"}],"wp:featuredmedia":[{"embeddable":true,"href":"https:\/\/diarioregionaldigital.com.br\/index.php?rest_route=\/wp\/v2\/media\/204166"}],"wp:attachment":[{"href":"https:\/\/diarioregionaldigital.com.br\/index.php?rest_route=%2Fwp%2Fv2%2Fmedia&parent=204165"}],"wp:term":[{"taxonomy":"category","embeddable":true,"href":"https:\/\/diarioregionaldigital.com.br\/index.php?rest_route=%2Fwp%2Fv2%2Fcategories&post=204165"},{"taxonomy":"post_tag","embeddable":true,"href":"https:\/\/diarioregionaldigital.com.br\/index.php?rest_route=%2Fwp%2Fv2%2Ftags&post=204165"}],"curies":[{"name":"wp","href":"https:\/\/api.w.org\/{rel}","templated":true}]}}