{"id":204144,"date":"2022-09-12T20:17:58","date_gmt":"2022-09-12T23:17:58","guid":{"rendered":"https:\/\/diarioregionaldigital.com.br\/?p=204144"},"modified":"2022-09-12T20:17:58","modified_gmt":"2022-09-12T23:17:58","slug":"felipe-davila-politica-ambiental-e-central-na-retomada-economica","status":"publish","type":"post","link":"https:\/\/diarioregionaldigital.com.br\/?p=204144","title":{"rendered":"Felipe D\u2019Avila: pol\u00edtica ambiental \u00e9 central na retomada econ\u00f4mica"},"content":{"rendered":"<p>O candidato a presidente pelo partido Novo, Felipe D\u2019Avila, afirmou hoje (12) que a pol\u00edtica ambiental \u00e9 central na retomada do crescimento econ\u00f4mico e da gera\u00e7\u00e3o de emprego e renda. \u201cO Brasil precisa voltar a ter uma pol\u00edtica ambiental voltada para a era que n\u00f3s vivemos\u201d, disse o candidato, ao participar da sabatina A Hora do Voto, promovida pela Ordem dos Advogados do Brasil (OAB), em S\u00e3o Paulo.<img decoding=\"async\" src=\"https:\/\/agenciabrasil.ebc.com.br\/ebc.png?id=1481925&amp;o=node\" \/><img decoding=\"async\" src=\"https:\/\/agenciabrasil.ebc.com.br\/ebc.gif?id=1481925&amp;o=node\" \/><\/p>\n<p>Segundo o presidenci\u00e1vel, o mundo entrou na era da economia de baixo carbono e os grandes pa\u00edses j\u00e1 assumiram que, at\u00e9 2050, \u00e9 preciso reduzir significativamente a emiss\u00e3o de carbono. \u201cE a maior pot\u00eancia ambiental do mundo \u00e9 o Brasil, que tem capacidade de sequestrar 50% do carbono do mundo. Ou seja, sem o Brasil, o mundo n\u00e3o vai resolver a quest\u00e3o ambiental. E o Brasil precisa do mundo para resolver sua quest\u00e3o econ\u00f4mica, para atrair investimentos. E o mundo est\u00e1 dizendo que s\u00f3 vai investir em um pa\u00eds que respeitar o meio ambiente, a governan\u00e7a e a agenda social\u201d.<\/p>\n<p>Na sabatina, D\u2019Avila defendeu a abertura econ\u00f4mica do Brasil. \u201cTodos os pa\u00edses que enriqueceram abriram sua economia, s\u00e3o pa\u00edses que competem no com\u00e9rcio global. Nenhum pa\u00eds fica rico se fechando para o mundo, criando pol\u00edtica protecionista, reserva de mercado\u201d, disse. \u201cA abertura econ\u00f4mica tem que ser feita de forma gradual para que ajude a reindustrializar o Brasil\u201d.<\/p>\n<p>O presidenci\u00e1vel tamb\u00e9m defendeu a padroniza\u00e7\u00e3o das regras tribut\u00e1rias, trabalhistas e contratuais brasileiras com as internacionais e a import\u00e2ncia da entrada do Brasil na Organiza\u00e7\u00e3o para a Coopera\u00e7\u00e3o e Desenvolvimento Econ\u00f4mico (OCDE) para que essa padroniza\u00e7\u00e3o ocorra rapidamente.<\/p>\n<p>Criada em 1961, e com sede em Paris, a OCDE \u00e9 uma organiza\u00e7\u00e3o internacional formada atualmente por 37 pa\u00edses, incluindo algumas das principais economias desenvolvidas do mundo, como Estados Unidos, Jap\u00e3o e pa\u00edses da Uni\u00e3o Europeia. O Brasil, que desde 2007 \u00e9 considerado um parceiro-chave ativo da organiza\u00e7\u00e3o, formalizou o interesse em tornar-se membro pleno em 2017, durante o governo de Michel Temer.<\/p>\n<p><span style=\"font-weight: 400;\">Fonte: Ag\u00eancia Brasil <\/span><\/p>\n","protected":false},"excerpt":{"rendered":"<p>O candidato a presidente pelo partido Novo, Felipe D\u2019Avila, afirmou hoje (12) que a pol\u00edtica ambiental \u00e9 central na retomada do crescimento econ\u00f4mico e da gera\u00e7\u00e3o de emprego e renda. \u201cO Brasil precisa voltar a ter uma pol\u00edtica ambiental voltada para a era que n\u00f3s vivemos\u201d, disse o candidato, ao participar da sabatina A Hora [&hellip;]<\/p>\n","protected":false},"author":246,"featured_media":204145,"comment_status":"closed","ping_status":"closed","sticky":false,"template":"","format":"standard","meta":{"footnotes":""},"categories":[436,254,439],"tags":[],"class_list":["post-204144","post","type-post","status-publish","format-standard","has-post-thumbnail","hentry","category-destaque-da-semana","category-politica","category-ultima-hora"],"_links":{"self":[{"href":"https:\/\/diarioregionaldigital.com.br\/index.php?rest_route=\/wp\/v2\/posts\/204144","targetHints":{"allow":["GET"]}}],"collection":[{"href":"https:\/\/diarioregionaldigital.com.br\/index.php?rest_route=\/wp\/v2\/posts"}],"about":[{"href":"https:\/\/diarioregionaldigital.com.br\/index.php?rest_route=\/wp\/v2\/types\/post"}],"author":[{"embeddable":true,"href":"https:\/\/diarioregionaldigital.com.br\/index.php?rest_route=\/wp\/v2\/users\/246"}],"replies":[{"embeddable":true,"href":"https:\/\/diarioregionaldigital.com.br\/index.php?rest_route=%2Fwp%2Fv2%2Fcomments&post=204144"}],"version-history":[{"count":1,"href":"https:\/\/diarioregionaldigital.com.br\/index.php?rest_route=\/wp\/v2\/posts\/204144\/revisions"}],"predecessor-version":[{"id":204146,"href":"https:\/\/diarioregionaldigital.com.br\/index.php?rest_route=\/wp\/v2\/posts\/204144\/revisions\/204146"}],"wp:featuredmedia":[{"embeddable":true,"href":"https:\/\/diarioregionaldigital.com.br\/index.php?rest_route=\/wp\/v2\/media\/204145"}],"wp:attachment":[{"href":"https:\/\/diarioregionaldigital.com.br\/index.php?rest_route=%2Fwp%2Fv2%2Fmedia&parent=204144"}],"wp:term":[{"taxonomy":"category","embeddable":true,"href":"https:\/\/diarioregionaldigital.com.br\/index.php?rest_route=%2Fwp%2Fv2%2Fcategories&post=204144"},{"taxonomy":"post_tag","embeddable":true,"href":"https:\/\/diarioregionaldigital.com.br\/index.php?rest_route=%2Fwp%2Fv2%2Ftags&post=204144"}],"curies":[{"name":"wp","href":"https:\/\/api.w.org\/{rel}","templated":true}]}}