{"id":204141,"date":"2022-09-12T20:16:32","date_gmt":"2022-09-12T23:16:32","guid":{"rendered":"https:\/\/diarioregionaldigital.com.br\/?p=204141"},"modified":"2022-09-12T20:16:32","modified_gmt":"2022-09-12T23:16:32","slug":"lula-diz-que-pretende-implementar-politica-ambiental-transversal","status":"publish","type":"post","link":"https:\/\/diarioregionaldigital.com.br\/?p=204141","title":{"rendered":"Lula diz que pretende implementar pol\u00edtica ambiental transversal"},"content":{"rendered":"<p>O candidato do PT \u00e0 Presid\u00eancia, Luiz In\u00e1cio Lula da Silva, disse\u00a0<span id=\"OBJ_PREFIX_DWT141_com_zimbra_date\" role=\"link\">hoje<\/span>\u00a0(12) que pretende transformar a pol\u00edtica ambiental em um tema que seja observado por todas as inst\u00e2ncias do governo federal. \u201cA pol\u00edtica ambiental ser\u00e1 tratada de forma transversal. Ou seja, todos os ministros\u00a0<span id=\"OBJ_PREFIX_DWT142_com_zimbra_date\" role=\"link\">ter<\/span>\u00e3o obriga\u00e7\u00e3o com a quest\u00e3o clim\u00e1tica\u201d, enfatizou ao receber contribui\u00e7\u00f5es para o seu programa de governo da ex-ministra do Meio Ambiente, Marina Silva, que tamb\u00e9m \u00e9 uma das fundadoras e parte da dire\u00e7\u00e3o nacional do partido Rede Sustentabilidade.<img decoding=\"async\" src=\"https:\/\/agenciabrasil.ebc.com.br\/ebc.png?id=1481953&amp;o=node\" \/><img decoding=\"async\" src=\"https:\/\/agenciabrasil.ebc.com.br\/ebc.gif?id=1481953&amp;o=node\" \/><\/p>\n<p>O documento entregue pela ex-ministra e ex-senadora tem como foco a ideia de transi\u00e7\u00e3o do atual modelo econ\u00f4mico para um modelo de produ\u00e7\u00e3o com menor impacto ambiental e com aten\u00e7\u00e3o \u00e0s mudan\u00e7as clim\u00e1ticas. Est\u00e3o previstas ainda a\u00e7\u00f5es de financiamento para produ\u00e7\u00e3o agr\u00edcola com menor impacto ambiental e menor uso de agrot\u00f3xicos.<\/p>\n<p>O candidato do PT chamou aten\u00e7\u00e3o para a urg\u00eancia das discuss\u00f5es sobre as mudan\u00e7as clim\u00e1ticas. \u201cA humanidade est\u00e1 se dando conta que se a gente n\u00e3o trabalhar com seriedade, a gente vai sofrer as consequ\u00eancias, porque n\u00f3s estamos destruindo o mundo em que n\u00f3s vivemos\u201d, ressaltou.<\/p>\n<p>Nesse contexto, Lula acredita que o Brasil re\u00fane as condi\u00e7\u00f5es para liderar as tomadas de decis\u00e3o nos f\u00f3runs internacionais no enfrentamento da crise. \u201cEsse pa\u00eds tem que virar protagonista internacional na quest\u00e3o do clima.&#8221;, disse.<\/p>\n<p>O petista tamb\u00e9m quer fortalecer os mecanismos de controle para reduzir o desmatamento, o garimpo ilegal e outras atividades criminosas, como o tr\u00e1fico de drogas, nas regi\u00f5es de fronteira. \u201cEstamos propondo a cria\u00e7\u00e3o do Minist\u00e9rio da Seguran\u00e7a P\u00fablica porque \u00e9 preciso que a gente tenha em conta que o Brasil tem quase 16 mil quil\u00f4metros de fronteira seca, mais 8 mil quil\u00f4metros de fronteira mar\u00edtima\u201d, destacou.<\/p>\n<p>Lula tamb\u00e9m voltou a dizer que pretende fomentar a pesquisa e inova\u00e7\u00e3o em torno da biodiversidade amaz\u00f4nica, inclusive como meio de gerar renda para as popula\u00e7\u00f5es que vivem na regi\u00e3o da floresta. \u201cA Amaz\u00f4nia tem que ser estudada, pesquisada, soberanamente sobre o controle do Brasil. Mas n\u00f3s temos que compartilhar com a ci\u00eancia do mundo o estudo da biodiversidade e riquezas daquela regi\u00e3o\u201d, acrescentou.<\/p>\n<p><span style=\"font-weight: 400;\">Fonte: Ag\u00eancia Brasil <\/span><\/p>\n","protected":false},"excerpt":{"rendered":"<p>O candidato do PT \u00e0 Presid\u00eancia, Luiz In\u00e1cio Lula da Silva, disse\u00a0hoje\u00a0(12) que pretende transformar a pol\u00edtica ambiental em um tema que seja observado por todas as inst\u00e2ncias do governo federal. \u201cA pol\u00edtica ambiental ser\u00e1 tratada de forma transversal. Ou seja, todos os ministros\u00a0ter\u00e3o obriga\u00e7\u00e3o com a quest\u00e3o clim\u00e1tica\u201d, enfatizou ao receber contribui\u00e7\u00f5es para o [&hellip;]<\/p>\n","protected":false},"author":246,"featured_media":204142,"comment_status":"closed","ping_status":"closed","sticky":false,"template":"","format":"standard","meta":{"footnotes":""},"categories":[436,254,439],"tags":[],"class_list":["post-204141","post","type-post","status-publish","format-standard","has-post-thumbnail","hentry","category-destaque-da-semana","category-politica","category-ultima-hora"],"_links":{"self":[{"href":"https:\/\/diarioregionaldigital.com.br\/index.php?rest_route=\/wp\/v2\/posts\/204141","targetHints":{"allow":["GET"]}}],"collection":[{"href":"https:\/\/diarioregionaldigital.com.br\/index.php?rest_route=\/wp\/v2\/posts"}],"about":[{"href":"https:\/\/diarioregionaldigital.com.br\/index.php?rest_route=\/wp\/v2\/types\/post"}],"author":[{"embeddable":true,"href":"https:\/\/diarioregionaldigital.com.br\/index.php?rest_route=\/wp\/v2\/users\/246"}],"replies":[{"embeddable":true,"href":"https:\/\/diarioregionaldigital.com.br\/index.php?rest_route=%2Fwp%2Fv2%2Fcomments&post=204141"}],"version-history":[{"count":1,"href":"https:\/\/diarioregionaldigital.com.br\/index.php?rest_route=\/wp\/v2\/posts\/204141\/revisions"}],"predecessor-version":[{"id":204143,"href":"https:\/\/diarioregionaldigital.com.br\/index.php?rest_route=\/wp\/v2\/posts\/204141\/revisions\/204143"}],"wp:featuredmedia":[{"embeddable":true,"href":"https:\/\/diarioregionaldigital.com.br\/index.php?rest_route=\/wp\/v2\/media\/204142"}],"wp:attachment":[{"href":"https:\/\/diarioregionaldigital.com.br\/index.php?rest_route=%2Fwp%2Fv2%2Fmedia&parent=204141"}],"wp:term":[{"taxonomy":"category","embeddable":true,"href":"https:\/\/diarioregionaldigital.com.br\/index.php?rest_route=%2Fwp%2Fv2%2Fcategories&post=204141"},{"taxonomy":"post_tag","embeddable":true,"href":"https:\/\/diarioregionaldigital.com.br\/index.php?rest_route=%2Fwp%2Fv2%2Ftags&post=204141"}],"curies":[{"name":"wp","href":"https:\/\/api.w.org\/{rel}","templated":true}]}}