{"id":204138,"date":"2022-09-12T20:14:37","date_gmt":"2022-09-12T23:14:37","guid":{"rendered":"https:\/\/diarioregionaldigital.com.br\/?p=204138"},"modified":"2022-09-12T20:14:37","modified_gmt":"2022-09-12T23:14:37","slug":"ciro-gomes-promete-intensificar-esforcos-federais-contra-o-crime","status":"publish","type":"post","link":"https:\/\/diarioregionaldigital.com.br\/?p=204138","title":{"rendered":"Ciro Gomes promete intensificar esfor\u00e7os federais contra o crime"},"content":{"rendered":"<p>O candidato do PDT \u00e0 Presid\u00eancia da Rep\u00fablica, Ciro Gomes, prometeu hoje (12) que, se eleito, ir\u00e1 propor uma nova l\u00f3gica de atua\u00e7\u00e3o para as for\u00e7as de seguran\u00e7a p\u00fablica, intensificando os esfor\u00e7os federais de combate \u00e0s organiza\u00e7\u00f5es criminosas.<img decoding=\"async\" src=\"https:\/\/agenciabrasil.ebc.com.br\/ebc.png?id=1481990&amp;o=node\" \/><img decoding=\"async\" src=\"https:\/\/agenciabrasil.ebc.com.br\/ebc.gif?id=1481990&amp;o=node\" \/><\/p>\n<p>&#8220;Quem tem sensibilidade com a agenda do povo tem que fazer alguma coisa na seguran\u00e7a p\u00fablica&#8221;, disse Ciro ao participar, em S\u00e3o Paulo, de um evento organizado pelo Centro de Integra\u00e7\u00e3o Empresa-Escola (CIEE).<\/p>\n<p>Ex-governador do Cear\u00e1, o candidato trabalhista disse que as fac\u00e7\u00f5es criminosas assumiram o controle de parte das principais cidades brasileiras. &#8220;Hoje, o grande crime s\u00e3o as fac\u00e7\u00f5es criminosas, que estabeleceram o terror nas periferias de todas as cidades&#8221;, disse Ciro Gomes.<\/p>\n<p>Ao criticar o montante de recursos or\u00e7ament\u00e1rios que a Uni\u00e3o destina \u00e0 seguran\u00e7a p\u00fablica, Ciro disse que as for\u00e7as estaduais s\u00e3o incapazes de, isoladamente, fazer frente ao poder das organiza\u00e7\u00f5es criminosas.<\/p>\n<p>&#8220;Por que a pol\u00edcia local n\u00e3o resolve o problema? Porque o policial \u00e9 um trabalhador; tem renda de trabalhador e, portanto, a fam\u00edlia dele vive nas periferias. Ent\u00e3o, para sobreviver, ele tem que estabelecer um certo pacto de conviv\u00eancia com o [quadro de] terror que a fac\u00e7\u00e3o estabeleceu [no local]&#8221;, disse Ciro, reconhecendo que, nesse contexto, &#8220;uma fra\u00e7\u00e3o&#8221; dos agentes p\u00fablicos acaba se corrompendo.<\/p>\n<p>&#8220;Mas [o problema] n\u00e3o \u00e9 este, e sim que [parte dos policiais] precise fazer este pacto [de conviv\u00eancia]&#8221;, disse.<\/p>\n<p>&#8220;S\u00f3 quem tem capacidade de enfrentar isso \u00e9 uma institui\u00e7\u00e3o de fora, ou seja, o poder central [o governo federal]. Por isso, vou federalizar o enfrentamento [em todas as inst\u00e2ncias: Pol\u00edcia Federal; Minist\u00e9rio P\u00fablico Federal; Justi\u00e7a Federal e penitenci\u00e1rias federais. Passa a ser federal o enfrentamento do crime organizado, da fac\u00e7\u00e3o criminosa, do narcotraficante, do contrabando de armas&#8221;, explicou Ciro Gomes.<\/p>\n<p>&#8220;Para fazer isso, tenho que mudar o Or\u00e7amento e a l\u00f3gica das pol\u00edcias. O financiamento, [consigo] com a revoga\u00e7\u00e3o do teto de gastos. E [a mudan\u00e7a da l\u00f3gica] introduzindo tecnologia e intelig\u00eancia de forma massiva [no sistema operacional]. Modernamente, n\u00e3o se faz seguran\u00e7a entrando em favelas atirando para todos os lados. \u00c9 preciso monitorar a movimenta\u00e7\u00e3o de dinheiro&#8221;, acrescentou Ciro.<\/p>\n<p>&#8220;Assim [federalizando o combate ao crime organizado], eu vou na causa substantiva da viol\u00eancia. E a viol\u00eancia difusa, esta que assusta a classe m\u00e9dia brasileira e todo mundo, o assalto, este n\u00e3o ter\u00e1 sa\u00edda se n\u00e3o matarmos no nascedouro a grande fonte do crime, que s\u00e3o estas organiza\u00e7\u00f5es criminosas&#8221;, disse o candidato.<\/p>\n<p><span style=\"font-weight: 400;\">Fonte: Ag\u00eancia Brasil <\/span><\/p>\n","protected":false},"excerpt":{"rendered":"<p>O candidato do PDT \u00e0 Presid\u00eancia da Rep\u00fablica, Ciro Gomes, prometeu hoje (12) que, se eleito, ir\u00e1 propor uma nova l\u00f3gica de atua\u00e7\u00e3o para as for\u00e7as de seguran\u00e7a p\u00fablica, intensificando os esfor\u00e7os federais de combate \u00e0s organiza\u00e7\u00f5es criminosas. &#8220;Quem tem sensibilidade com a agenda do povo tem que fazer alguma coisa na seguran\u00e7a p\u00fablica&#8221;, disse [&hellip;]<\/p>\n","protected":false},"author":246,"featured_media":204139,"comment_status":"closed","ping_status":"closed","sticky":false,"template":"","format":"standard","meta":{"footnotes":""},"categories":[436,440,254,439],"tags":[],"class_list":["post-204138","post","type-post","status-publish","format-standard","has-post-thumbnail","hentry","category-destaque-da-semana","category-destaques-do-dia","category-politica","category-ultima-hora"],"_links":{"self":[{"href":"https:\/\/diarioregionaldigital.com.br\/index.php?rest_route=\/wp\/v2\/posts\/204138","targetHints":{"allow":["GET"]}}],"collection":[{"href":"https:\/\/diarioregionaldigital.com.br\/index.php?rest_route=\/wp\/v2\/posts"}],"about":[{"href":"https:\/\/diarioregionaldigital.com.br\/index.php?rest_route=\/wp\/v2\/types\/post"}],"author":[{"embeddable":true,"href":"https:\/\/diarioregionaldigital.com.br\/index.php?rest_route=\/wp\/v2\/users\/246"}],"replies":[{"embeddable":true,"href":"https:\/\/diarioregionaldigital.com.br\/index.php?rest_route=%2Fwp%2Fv2%2Fcomments&post=204138"}],"version-history":[{"count":1,"href":"https:\/\/diarioregionaldigital.com.br\/index.php?rest_route=\/wp\/v2\/posts\/204138\/revisions"}],"predecessor-version":[{"id":204140,"href":"https:\/\/diarioregionaldigital.com.br\/index.php?rest_route=\/wp\/v2\/posts\/204138\/revisions\/204140"}],"wp:featuredmedia":[{"embeddable":true,"href":"https:\/\/diarioregionaldigital.com.br\/index.php?rest_route=\/wp\/v2\/media\/204139"}],"wp:attachment":[{"href":"https:\/\/diarioregionaldigital.com.br\/index.php?rest_route=%2Fwp%2Fv2%2Fmedia&parent=204138"}],"wp:term":[{"taxonomy":"category","embeddable":true,"href":"https:\/\/diarioregionaldigital.com.br\/index.php?rest_route=%2Fwp%2Fv2%2Fcategories&post=204138"},{"taxonomy":"post_tag","embeddable":true,"href":"https:\/\/diarioregionaldigital.com.br\/index.php?rest_route=%2Fwp%2Fv2%2Ftags&post=204138"}],"curies":[{"name":"wp","href":"https:\/\/api.w.org\/{rel}","templated":true}]}}