{"id":204135,"date":"2022-09-12T20:02:44","date_gmt":"2022-09-12T23:02:44","guid":{"rendered":"https:\/\/diarioregionaldigital.com.br\/?p=204135"},"modified":"2022-09-12T20:02:44","modified_gmt":"2022-09-12T23:02:44","slug":"apos-anuncio-de-demissoes-trabalhadores-da-mercedes-benz-fazem-greve","status":"publish","type":"post","link":"https:\/\/diarioregionaldigital.com.br\/?p=204135","title":{"rendered":"Ap\u00f3s an\u00fancio de demiss\u00f5es, trabalhadores da Mercedes-Benz fazem greve"},"content":{"rendered":"<p>Trabalhadores da f\u00e1brica da Mercedes-Benz em S\u00e3o Bernardo do Campo, no ABC Paulista, entraram\u00a0em greve ap\u00f3s o an\u00fancio de 3,6 mil demiss\u00f5es anunciadas pela dire\u00e7\u00e3o da montadora. A reestrutura\u00e7\u00e3o vai afetar 2,2 mil trabalhadores diretos e 1,4 mil tempor\u00e1rios. A empresa tem cerca de 10,4 mil trabalhadores nessa unidade.<img decoding=\"async\" src=\"https:\/\/agenciabrasil.ebc.com.br\/ebc.png?id=1481645&amp;o=node\" \/><img decoding=\"async\" src=\"https:\/\/agenciabrasil.ebc.com.br\/ebc.gif?id=1481645&amp;o=node\" \/><\/p>\n<p>Em assembleia, na tarde desta quinta-feira (8), a produ\u00e7\u00e3o foi paralisada e deve retornar na segunda-feira. Segundo o sindicato, haver\u00e1 reuni\u00e3o na ter\u00e7a-feira (13), com a empresa, para iniciar negocia\u00e7\u00f5es. Em nota, a Mercedes-Benz destacou que \u201cas discuss\u00f5es que impactam diretamente nossos colaboradores ser\u00e3o objeto de ampla negocia\u00e7\u00e3o com o Sindicato dos Metal\u00fargicos do ABC\u201d.<\/p>\n<p>O presidente do Sindicato dos Metal\u00fargicos do ABC, Mois\u00e9s Sel\u00e9rges, disse, durante a assembleia, que a paralisa\u00e7\u00e3o \u00e9 um protesto e que pretende mostrar \u00e0 dire\u00e7\u00e3o \u201ccomo se negocia\u201d, segundo reportagem divulgada no site da entidade.<\/p>\n<p>\u201cPrecisamos mostrar que um processo de negocia\u00e7\u00e3o se faz em torno de uma mesa. Muitas vezes, em um processo de negocia\u00e7\u00e3o n\u00e3o vai prevalecer tudo que o sindicato quer, mas tamb\u00e9m n\u00e3o vai prevalecer tudo o que a empresa quer\u201d, diz o texto.<\/p>\n<p>Aroaldo Oliveira da Silva, diretor executivo do sindicato, lembrou que a entidade j\u00e1 vinha discutindo com a dire\u00e7\u00e3o da f\u00e1brica temas como a situa\u00e7\u00e3o do mercado de caminh\u00f5es, a necessidade de reestrutura\u00e7\u00e3o de \u00e1reas, a falta de pe\u00e7as e de semicondutores.<\/p>\n<h2>Reestrutura\u00e7\u00e3o<\/h2>\n<p>As mudan\u00e7as na f\u00e1brica da Mercedes-Benz envolvem a terceiriza\u00e7\u00e3o de parte da produ\u00e7\u00e3o. Segundo a empresa, a decis\u00e3o \u00e9 focar na fabrica\u00e7\u00e3o de \u201ccaminh\u00f5es e chassis de \u00f4nibus e no desenvolvimento de tecnologias e servi\u00e7os do futuro\u201d.<\/p>\n<p>\u201cVamos deixar de produzir internamente alguns componentes e deixar de exercer atividades que podem ser realizadas por outras empresas parceiras, tais como: log\u00edstica, manuten\u00e7\u00e3o, fabrica\u00e7\u00e3o e montagem de eixos dianteiro e transmiss\u00e3o m\u00e9dia, ferramentaria e laborat\u00f3rios, at\u00e9 ent\u00e3o realizadas na f\u00e1brica de S\u00e3o Bernardo do Campo (SP) e que passar\u00e3o a ser exercidas por empresas contratadas\u201d\u201d, diz a nota.<\/p>\n<p>A montadora destaca ainda que a prefer\u00eancia \u00e9 pela contrata\u00e7\u00e3o de empresas \u201cna regi\u00e3o do Grande ABC, em compromisso com a nossa comunidade local\u201d. A empresa diz ainda que a cadeia de novos fornecedores deve gerar grande volume de neg\u00f3cios.<\/p>\n<p>A Mercedes-Benz est\u00e1 instalada no Brasil h\u00e1 mais de 65 anos.<\/p>\n<p><span style=\"font-weight: 400;\">Fonte: Ag\u00eancia Brasil <\/span><\/p>\n","protected":false},"excerpt":{"rendered":"<p>Trabalhadores da f\u00e1brica da Mercedes-Benz em S\u00e3o Bernardo do Campo, no ABC Paulista, entraram\u00a0em greve ap\u00f3s o an\u00fancio de 3,6 mil demiss\u00f5es anunciadas pela dire\u00e7\u00e3o da montadora. A reestrutura\u00e7\u00e3o vai afetar 2,2 mil trabalhadores diretos e 1,4 mil tempor\u00e1rios. A empresa tem cerca de 10,4 mil trabalhadores nessa unidade. Em assembleia, na tarde desta quinta-feira [&hellip;]<\/p>\n","protected":false},"author":246,"featured_media":204136,"comment_status":"closed","ping_status":"closed","sticky":false,"template":"","format":"standard","meta":{"footnotes":""},"categories":[436,261,439],"tags":[],"class_list":["post-204135","post","type-post","status-publish","format-standard","has-post-thumbnail","hentry","category-destaque-da-semana","category-economia","category-ultima-hora"],"_links":{"self":[{"href":"https:\/\/diarioregionaldigital.com.br\/index.php?rest_route=\/wp\/v2\/posts\/204135","targetHints":{"allow":["GET"]}}],"collection":[{"href":"https:\/\/diarioregionaldigital.com.br\/index.php?rest_route=\/wp\/v2\/posts"}],"about":[{"href":"https:\/\/diarioregionaldigital.com.br\/index.php?rest_route=\/wp\/v2\/types\/post"}],"author":[{"embeddable":true,"href":"https:\/\/diarioregionaldigital.com.br\/index.php?rest_route=\/wp\/v2\/users\/246"}],"replies":[{"embeddable":true,"href":"https:\/\/diarioregionaldigital.com.br\/index.php?rest_route=%2Fwp%2Fv2%2Fcomments&post=204135"}],"version-history":[{"count":1,"href":"https:\/\/diarioregionaldigital.com.br\/index.php?rest_route=\/wp\/v2\/posts\/204135\/revisions"}],"predecessor-version":[{"id":204137,"href":"https:\/\/diarioregionaldigital.com.br\/index.php?rest_route=\/wp\/v2\/posts\/204135\/revisions\/204137"}],"wp:featuredmedia":[{"embeddable":true,"href":"https:\/\/diarioregionaldigital.com.br\/index.php?rest_route=\/wp\/v2\/media\/204136"}],"wp:attachment":[{"href":"https:\/\/diarioregionaldigital.com.br\/index.php?rest_route=%2Fwp%2Fv2%2Fmedia&parent=204135"}],"wp:term":[{"taxonomy":"category","embeddable":true,"href":"https:\/\/diarioregionaldigital.com.br\/index.php?rest_route=%2Fwp%2Fv2%2Fcategories&post=204135"},{"taxonomy":"post_tag","embeddable":true,"href":"https:\/\/diarioregionaldigital.com.br\/index.php?rest_route=%2Fwp%2Fv2%2Ftags&post=204135"}],"curies":[{"name":"wp","href":"https:\/\/api.w.org\/{rel}","templated":true}]}}