{"id":204119,"date":"2022-09-11T06:00:57","date_gmt":"2022-09-11T09:00:57","guid":{"rendered":"https:\/\/diarioregionaldigital.com.br\/?p=204119"},"modified":"2022-09-09T20:51:44","modified_gmt":"2022-09-09T23:51:44","slug":"convocacao-para-assembleia-geral-ordinaria-casa-de-clara-11-09-2022","status":"publish","type":"post","link":"https:\/\/diarioregionaldigital.com.br\/?p=204119","title":{"rendered":"Convoca\u00e7\u00e3o para Assembleia Geral Ordin\u00e1ria &#8211; Casa de Clara &#8211; 11\/09\/2022"},"content":{"rendered":"<p><img loading=\"lazy\" decoding=\"async\" class=\"aligncenter wp-image-204120\" src=\"https:\/\/diarioregionaldigital.com.br\/wp-content\/uploads\/2022\/09\/EDITAL.jpg\" alt=\"\" width=\"500\" height=\"643\" srcset=\"https:\/\/diarioregionaldigital.com.br\/wp-content\/uploads\/2022\/09\/EDITAL.jpg 1962w, https:\/\/diarioregionaldigital.com.br\/wp-content\/uploads\/2022\/09\/EDITAL-233x300.jpg 233w, https:\/\/diarioregionaldigital.com.br\/wp-content\/uploads\/2022\/09\/EDITAL-796x1024.jpg 796w, https:\/\/diarioregionaldigital.com.br\/wp-content\/uploads\/2022\/09\/EDITAL-768x988.jpg 768w, https:\/\/diarioregionaldigital.com.br\/wp-content\/uploads\/2022\/09\/EDITAL-1194x1536.jpg 1194w, https:\/\/diarioregionaldigital.com.br\/wp-content\/uploads\/2022\/09\/EDITAL-1592x2048.jpg 1592w, https:\/\/diarioregionaldigital.com.br\/wp-content\/uploads\/2022\/09\/EDITAL-360x463.jpg 360w\" sizes=\"auto, (max-width: 500px) 100vw, 500px\" \/><\/p>\n","protected":false},"excerpt":{"rendered":"","protected":false},"author":96,"featured_media":0,"comment_status":"closed","ping_status":"closed","sticky":false,"template":"","format":"standard","meta":{"footnotes":""},"categories":[307],"tags":[],"class_list":["post-204119","post","type-post","status-publish","format-standard","hentry","category-editais"],"_links":{"self":[{"href":"https:\/\/diarioregionaldigital.com.br\/index.php?rest_route=\/wp\/v2\/posts\/204119","targetHints":{"allow":["GET"]}}],"collection":[{"href":"https:\/\/diarioregionaldigital.com.br\/index.php?rest_route=\/wp\/v2\/posts"}],"about":[{"href":"https:\/\/diarioregionaldigital.com.br\/index.php?rest_route=\/wp\/v2\/types\/post"}],"author":[{"embeddable":true,"href":"https:\/\/diarioregionaldigital.com.br\/index.php?rest_route=\/wp\/v2\/users\/96"}],"replies":[{"embeddable":true,"href":"https:\/\/diarioregionaldigital.com.br\/index.php?rest_route=%2Fwp%2Fv2%2Fcomments&post=204119"}],"version-history":[{"count":1,"href":"https:\/\/diarioregionaldigital.com.br\/index.php?rest_route=\/wp\/v2\/posts\/204119\/revisions"}],"predecessor-version":[{"id":204121,"href":"https:\/\/diarioregionaldigital.com.br\/index.php?rest_route=\/wp\/v2\/posts\/204119\/revisions\/204121"}],"wp:attachment":[{"href":"https:\/\/diarioregionaldigital.com.br\/index.php?rest_route=%2Fwp%2Fv2%2Fmedia&parent=204119"}],"wp:term":[{"taxonomy":"category","embeddable":true,"href":"https:\/\/diarioregionaldigital.com.br\/index.php?rest_route=%2Fwp%2Fv2%2Fcategories&post=204119"},{"taxonomy":"post_tag","embeddable":true,"href":"https:\/\/diarioregionaldigital.com.br\/index.php?rest_route=%2Fwp%2Fv2%2Ftags&post=204119"}],"curies":[{"name":"wp","href":"https:\/\/api.w.org\/{rel}","templated":true}]}}