{"id":204117,"date":"2022-09-11T06:00:52","date_gmt":"2022-09-11T09:00:52","guid":{"rendered":"https:\/\/diarioregionaldigital.com.br\/?p=204117"},"modified":"2022-09-09T20:52:49","modified_gmt":"2022-09-09T23:52:49","slug":"voltar-aos-passos-que-foram-dados","status":"publish","type":"post","link":"https:\/\/diarioregionaldigital.com.br\/?p=204117","title":{"rendered":"Voltar aos passos que foram dados"},"content":{"rendered":"<p>As a\u00e7\u00f5es em homenagem ao centen\u00e1rio do saudoso Jos\u00e9 Saramago trouxeram-me \u00e0 lembran\u00e7a a visita do premiado escritor portugu\u00eas ao Rio de Janeiro, em 2008, na ocasi\u00e3o do lan\u00e7amento internacional do seu livro \u201cA viagem do elefante\u201d. Jantamos lado a lado, no Hotel Gl\u00f3ria, com as respectivas esposas. Ele procurou explicar a origem do seu nome, por parte de pai, que seria crist\u00e3o-novo, condi\u00e7\u00e3o de que parecia se orgulhar.<\/p>\n<p>Quanto a esposa, Maria Del Rio, essa ent\u00e3o n\u00e3o havia d\u00favida. De descend\u00eancia espanhola, sua fam\u00edlia fora obrigada a mudar de nome, passando na Espanha a viver na outra margem do rio, em virtude das persegui\u00e7\u00f5es religiosas. Detivemo-nos boa parte do tempo em considera\u00e7\u00f5es a respeito dos malef\u00edcios da Inquisi\u00e7\u00e3o.<\/p>\n<p>A liberdade de express\u00e3o \u00e9 uma conquista da humanidade. Dela nos servimos, para o bem ou para o mal. Quando Saramago, Pr\u00eamio Nobel de Literatura, destacado \u00a0romancista, teatr\u00f3logo, poeta e contista, resolveu escrever textos agressivos ao catolicismo, atacando seus mitos, foi francamente repelido pelo que ent\u00e3o pareceu uma heresia. Mas teve respeitado o seu direito.<\/p>\n<p>Foi grande amigo do Brasil e particularmente do nosso acad\u00eamico Jorge Amado. Saramago costumava dizer que um dos dois um dia ganharia a l\u00e1urea da Academia Sueca (1998). Para ele, a escrita, mais do que uma atividade meramente ficcional, \u00e9 ditada pela necessidade de indagar dos destinos da humanidade, das paix\u00f5es e dos furores que a determinam. Fez uma escolha fundamental: \u201cEm todas as minhas obras, sempre apontei na mulher a componente salvadora de uma humanidade hoje mais do que nunca \u00e0 deriva.\u201d<\/p>\n<p>Recusou-se a admitir ser um romancista hist\u00f3rico: \u201cH\u00e1 uma defini\u00e7\u00e3o que, de certa maneira, marcou o meu percurso como escritor, sobretudo como romancista e que, tenho de confessar, recebo com uma certa impaci\u00eancia. Trata-se do r\u00f3tulo gasto de que sou um romancista hist\u00f3rico&#8230;. Vejo a humanidade como se fosse o mar&#8230; que \u00e9 o tempo.\u201d<\/p>\n<p>O autor de \u201c<em>O Evangelho Segundo Jesus Cristo<\/em>\u201d fez uma aplaudida confer\u00eancia na Academia Brasileira de Letras, ocasi\u00e3o em que afirmou, convictamente, que \u201ca L\u00edngua Portuguesa \u00e9 muito linda\u201d. Concordamos, acrescentando: linda e dif\u00edcil. \u00a0Mas capaz de produzir pensamentos eternizados pelo talento de g\u00eanios como Saramago, tais como a frase: \u201cA viagem n\u00e3o acaba nunca. S\u00f3 os viajantes acabam. E mesmo estes podem prolongar-se em mem\u00f3ria, em lembran\u00e7a, em narrativa (&#8230;). \u00c9 preciso voltar aos passos que foram dados, para repetir e para tra\u00e7ar caminhos novos ao lado deles. \u00c9 preciso recome\u00e7ar a viagem. Sempre.\u201d Eis o que devemos fazer, em prol da imortalidade da sabedoria.<\/p>\n","protected":false},"excerpt":{"rendered":"<p>As a\u00e7\u00f5es em homenagem ao centen\u00e1rio do saudoso Jos\u00e9 Saramago trouxeram-me \u00e0 lembran\u00e7a a visita do premiado escritor portugu\u00eas ao Rio de Janeiro, em 2008, na ocasi\u00e3o do lan\u00e7amento internacional do seu livro \u201cA viagem do elefante\u201d. Jantamos lado a lado, no Hotel Gl\u00f3ria, com as respectivas esposas. Ele procurou explicar a origem do seu [&hellip;]<\/p>\n","protected":false},"author":96,"featured_media":0,"comment_status":"closed","ping_status":"closed","sticky":false,"template":"","format":"standard","meta":{"footnotes":""},"categories":[275],"tags":[],"class_list":["post-204117","post","type-post","status-publish","format-standard","hentry","category-arnaldo-niskier"],"_links":{"self":[{"href":"https:\/\/diarioregionaldigital.com.br\/index.php?rest_route=\/wp\/v2\/posts\/204117","targetHints":{"allow":["GET"]}}],"collection":[{"href":"https:\/\/diarioregionaldigital.com.br\/index.php?rest_route=\/wp\/v2\/posts"}],"about":[{"href":"https:\/\/diarioregionaldigital.com.br\/index.php?rest_route=\/wp\/v2\/types\/post"}],"author":[{"embeddable":true,"href":"https:\/\/diarioregionaldigital.com.br\/index.php?rest_route=\/wp\/v2\/users\/96"}],"replies":[{"embeddable":true,"href":"https:\/\/diarioregionaldigital.com.br\/index.php?rest_route=%2Fwp%2Fv2%2Fcomments&post=204117"}],"version-history":[{"count":1,"href":"https:\/\/diarioregionaldigital.com.br\/index.php?rest_route=\/wp\/v2\/posts\/204117\/revisions"}],"predecessor-version":[{"id":204118,"href":"https:\/\/diarioregionaldigital.com.br\/index.php?rest_route=\/wp\/v2\/posts\/204117\/revisions\/204118"}],"wp:attachment":[{"href":"https:\/\/diarioregionaldigital.com.br\/index.php?rest_route=%2Fwp%2Fv2%2Fmedia&parent=204117"}],"wp:term":[{"taxonomy":"category","embeddable":true,"href":"https:\/\/diarioregionaldigital.com.br\/index.php?rest_route=%2Fwp%2Fv2%2Fcategories&post=204117"},{"taxonomy":"post_tag","embeddable":true,"href":"https:\/\/diarioregionaldigital.com.br\/index.php?rest_route=%2Fwp%2Fv2%2Ftags&post=204117"}],"curies":[{"name":"wp","href":"https:\/\/api.w.org\/{rel}","templated":true}]}}