{"id":204110,"date":"2022-09-09T12:10:54","date_gmt":"2022-09-09T15:10:54","guid":{"rendered":"https:\/\/diarioregionaldigital.com.br\/?p=204110"},"modified":"2022-09-09T12:12:17","modified_gmt":"2022-09-09T15:12:17","slug":"programa-boniteza-realiza-73-intervencoes-nesta-sexta-9","status":"publish","type":"post","link":"https:\/\/diarioregionaldigital.com.br\/?p=204110","title":{"rendered":"Programa Boniteza realiza 73 interven\u00e7\u00f5es nesta sexta, 9"},"content":{"rendered":"<p>Segundo informa\u00e7\u00f5es do site da Prefeitura de Juiz de Fora (PJF), o\u00a0Programa Boniteza da Prefeitura de Juiz de Fora (PJF) opera em 73 interven\u00e7\u00f5es nesta sexta-feira, 9.<\/p>\n<p><strong>Obras<br \/>\n<\/strong><br \/>\nOs Departamentos de Opera\u00e7\u00e3o e Manuten\u00e7\u00e3o em Obras (Domo) e de Estradas Vicinais da Secretaria de Obras t\u00eam previstas 23 a\u00e7\u00f5es.<\/p>\n<p><strong>Interven\u00e7\u00f5es em continuidade:<br \/>\n<\/strong><br \/>\n&#8211; Limpeza das bocas de lobo &#8211; Avenida JK<\/p>\n<p>&#8211; Coloca\u00e7\u00e3o de grades de concreto &#8211; Avenida Get\u00falio Vargas &#8211; Centro<\/p>\n<p>&#8211; Patrolamento &#8211; Rua da esta\u00e7\u00e3o<\/p>\n<p>&#8211; Retirada de entulho &#8211;\u00a0 Estrada de Palmital<\/p>\n<p>&#8211; Constru\u00e7\u00e3o de rede pluvial &#8211; Rua Fernando Lamarca &#8211; Distrito Industrial<\/p>\n<p>&#8211; Constru\u00e7\u00e3o de muro de conten\u00e7\u00e3o &#8211; Rua Z\u00e9lia Maria Valentin &#8211; Jardim Marajoara<\/p>\n<p>&#8211; Patrolamento &#8211; Estrada da Boa vista<\/p>\n<p>&#8211; Alteamento de meio fio &#8211; Estrada de pires &#8211; Pires<\/p>\n<p>&#8211; Coloca\u00e7\u00e3o de material em pontos cr\u00edticos &#8211; Estrada Pedra da On\u00e7a<\/p>\n<p>&#8211; Retirada de terra &#8211; Rua Diva Garcia &#8211; Linhares<br \/>\n<strong>Novas interven\u00e7\u00f5es:<\/strong><br \/>\n&#8211; Limpeza das bocas de lobo &#8211; Rua Jos\u00e9 Bas\u00edlio da Costa &#8211; J\u00f3quei<\/p>\n<p>&#8211; Limpeza das bocas de lobo &#8211; Rua Jos\u00e9 Vidal Barbosa Lage &#8211; J\u00f3quei<\/p>\n<p>&#8211; Limpeza das bocas de lobo &#8211; Avenida JK<\/p>\n<p>&#8211; Vistoria no cal\u00e7amento com pedra portuguesa &#8211; Pra\u00e7a do Riachuelo &#8211; Centro<\/p>\n<p>&#8211; Patrolamento &#8211; Estrada Palmital &#8211; Ros\u00e1rio<\/p>\n<p>&#8211; Manuten\u00e7\u00e3o de caixa de passagem &#8211; Rua Diva Garcia &#8211; Linhares<\/p>\n<p>&#8211; Retirada de terra &#8211; Estrada de Caet\u00e9 &#8211; Caet\u00e9<\/p>\n<p>&#8211; Reaterro na cabeceira da ponte do desengano &#8211; Distrito de Caet\u00e9 &#8211; Caet\u00e9<\/p>\n<p>&#8211; Retirada de entulho &#8211;\u00a0 Estrada da cachoeira &#8211; Humait\u00e1<\/p>\n<p>&#8211; Retirada de entulho &#8211;\u00a0 Estrada dos cordeiros &#8211; Humait\u00e1<\/p>\n<p>&#8211; Coloca\u00e7\u00e3o de material granulado em pontos cr\u00edticos &#8211; Estrada Privil\u00e9gio<\/p>\n<p>&#8211; Patrolamento &#8211; Rua Professor Cris\u00f3stomo &#8211; Granjas Triunfo<\/p>\n<p>&#8211; Limpeza e reforma de boca de lobo &#8211; Ros\u00e1rio de Minas<\/p>\n<p><strong>Ilumina\u00e7\u00e3o P\u00fablica<br \/>\n<\/strong><br \/>\nO departamento de Ilumina\u00e7\u00e3o P\u00fablica da PJF d\u00e1 continuidade \u00e0s a\u00e7\u00f5es com a previs\u00e3o de trocas de 50 l\u00e2mpadas em todas as regi\u00f5es.<\/p>\n<p><strong>Igrejinha<\/p>\n<p><\/strong><\/p>\n<p>Rua N\u00e9lson Duque<\/p>\n<p><strong>Alphaville I<\/p>\n<p><\/strong><\/p>\n<p>Rua Cambu\u00ed<\/p>\n<p>Rua Itanhandu<\/p>\n<p>Rua Ibirit\u00e9<\/p>\n<p>Rua Ibi\u00e1<\/p>\n<p><strong>Alphaville II<\/strong><\/p>\n<p>Rua Uberl\u00e2ndia<\/p>\n<p>Rua Bicas<\/p>\n<p>Rua Marip\u00e1<\/p>\n<p>Rua Visconde Do Rio Branco<\/p>\n<p>Rua Al\u00e9m Para\u00edba<\/p>\n<p>Rua R<br \/>\n<strong>Valadares<\/strong><\/p>\n<p>Avenida Dos Guedes<br \/>\n<strong>Torre\u00f5es<\/strong><\/p>\n<p>Estrada De Torre\u00f5es Ana Pereira Delgado<br \/>\n<strong>Borboleta<\/strong><\/p>\n<p>Rua Ant\u00f4nio Dias<\/p>\n<p>Rua Alberto Menini<\/p>\n<p>Rua Jos\u00e9 Louren\u00e7o<br \/>\n<strong>Jardim Cachoeira<\/strong><\/p>\n<p>Rua Arno Krambeck Duque<br \/>\n<strong>Jardim Da Serra<\/strong><\/p>\n<p>Rua A<br \/>\n<strong>Itatiaia<\/strong><\/p>\n<p>Rua Herman Toledo<br \/>\n<strong>S\u00e3o Pedro<\/strong><\/p>\n<p>Avenida Senhor Dos Passos<br \/>\n<strong>Novo Horizonte<\/strong><\/p>\n<p>Rua Primavera<br \/>\n<strong>Monte Castelo<\/strong><\/p>\n<p>Rua Maestro Jos\u00e9 Quirino<br \/>\n<strong>Nova Era II<\/strong><\/p>\n<p>Rua Jos\u00e9 Albuquerque De Morais<br \/>\n<strong>Cidade Do Sol<\/strong><\/p>\n<p>Rua Jos\u00e9 Teixeira Da Silva<\/p>\n<p>Rua Cidade Do Sol<br \/>\n<strong>Aeroporto<\/strong><\/p>\n<p>Rua Leonildo Gon\u00e7alves Regado<br \/>\n<strong>Jardim Natal<\/strong><\/p>\n<p>Rua Geraldo Scaldine Machado<\/p>\n<p>Rua Felipe Jos\u00e9<br \/>\n<strong>Esplanada<\/strong><\/p>\n<p>Rua Luiz Andr\u00e9 Hagen<\/p>\n<p>Rua Luiz Baltazar Eberle<br \/>\n<strong>Nova Calif\u00f3rnia<\/strong><\/p>\n<p>Rua Do Contorno<br \/>\n<strong>Adolfo Vireque<\/strong><\/p>\n<p>Rua Doutor Ricardo Fortini Filho<br \/>\n<strong>Gabinete de A\u00e7\u00e3o e Di\u00e1logo Comunit\u00e1rio<\/strong><br \/>\nAs a\u00e7\u00f5es da Secretaria de Obras s\u00e3o realizadas atrav\u00e9s do Gabinete de A\u00e7\u00e3o e Di\u00e1logo Comunit\u00e1rio, que recebe demandas de melhorias urbanas pelo n\u00famero (32) 3690-7241, por liga\u00e7\u00e3o ou WhatsApp.<br \/>\nNo\u00a0<a href=\"https:\/\/www.pjf.mg.gov.br\/gabinetecomunitario\/\"><strong>site do gabinete<\/strong><\/a>, est\u00e3o dispon\u00edveis informa\u00e7\u00f5es atualizadas\u00a0 diariamente sobre os servi\u00e7os realizados pelas secretarias de Obras (SO); de Sustentabilidade em Meio Ambiente e Atividades Urbanas (Sesmaur); de Mobilidade Urbana (SMU); e pela\u00a0 Empresa Municipal de Pavimenta\u00e7\u00e3o e Urbaniza\u00e7\u00e3o (Empav); Departamento Municipal de Limpeza Urbana (Demlurb); e Companhia de Saneamento Municipal (Cesama).<\/p>\n","protected":false},"excerpt":{"rendered":"<p>Segundo informa\u00e7\u00f5es do site da Prefeitura de Juiz de Fora (PJF), o\u00a0Programa Boniteza da Prefeitura de Juiz de Fora (PJF) opera em 73 interven\u00e7\u00f5es nesta sexta-feira, 9. Obras Os Departamentos de Opera\u00e7\u00e3o e Manuten\u00e7\u00e3o em Obras (Domo) e de Estradas Vicinais da Secretaria de Obras t\u00eam previstas 23 a\u00e7\u00f5es. Interven\u00e7\u00f5es em continuidade: &#8211; Limpeza das [&hellip;]<\/p>\n","protected":false},"author":246,"featured_media":204111,"comment_status":"closed","ping_status":"closed","sticky":false,"template":"","format":"standard","meta":{"footnotes":""},"categories":[253,436,439],"tags":[],"class_list":["post-204110","post","type-post","status-publish","format-standard","has-post-thumbnail","hentry","category-cidade","category-destaque-da-semana","category-ultima-hora"],"_links":{"self":[{"href":"https:\/\/diarioregionaldigital.com.br\/index.php?rest_route=\/wp\/v2\/posts\/204110","targetHints":{"allow":["GET"]}}],"collection":[{"href":"https:\/\/diarioregionaldigital.com.br\/index.php?rest_route=\/wp\/v2\/posts"}],"about":[{"href":"https:\/\/diarioregionaldigital.com.br\/index.php?rest_route=\/wp\/v2\/types\/post"}],"author":[{"embeddable":true,"href":"https:\/\/diarioregionaldigital.com.br\/index.php?rest_route=\/wp\/v2\/users\/246"}],"replies":[{"embeddable":true,"href":"https:\/\/diarioregionaldigital.com.br\/index.php?rest_route=%2Fwp%2Fv2%2Fcomments&post=204110"}],"version-history":[{"count":2,"href":"https:\/\/diarioregionaldigital.com.br\/index.php?rest_route=\/wp\/v2\/posts\/204110\/revisions"}],"predecessor-version":[{"id":204113,"href":"https:\/\/diarioregionaldigital.com.br\/index.php?rest_route=\/wp\/v2\/posts\/204110\/revisions\/204113"}],"wp:featuredmedia":[{"embeddable":true,"href":"https:\/\/diarioregionaldigital.com.br\/index.php?rest_route=\/wp\/v2\/media\/204111"}],"wp:attachment":[{"href":"https:\/\/diarioregionaldigital.com.br\/index.php?rest_route=%2Fwp%2Fv2%2Fmedia&parent=204110"}],"wp:term":[{"taxonomy":"category","embeddable":true,"href":"https:\/\/diarioregionaldigital.com.br\/index.php?rest_route=%2Fwp%2Fv2%2Fcategories&post=204110"},{"taxonomy":"post_tag","embeddable":true,"href":"https:\/\/diarioregionaldigital.com.br\/index.php?rest_route=%2Fwp%2Fv2%2Ftags&post=204110"}],"curies":[{"name":"wp","href":"https:\/\/api.w.org\/{rel}","templated":true}]}}