{"id":204107,"date":"2022-09-09T12:08:25","date_gmt":"2022-09-09T15:08:25","guid":{"rendered":"https:\/\/diarioregionaldigital.com.br\/?p=204107"},"modified":"2022-09-09T12:08:25","modified_gmt":"2022-09-09T15:08:25","slug":"prefeitura-anuncia-a-matricula-de-290-vagas-suplementares-para-creches","status":"publish","type":"post","link":"https:\/\/diarioregionaldigital.com.br\/?p=204107","title":{"rendered":"Prefeitura anuncia a matr\u00edcula de 290 vagas suplementares para creches"},"content":{"rendered":"<p>Segundo informa\u00e7\u00f5es do site da Prefeitura de Juiz de Fora (PJF), nesta quinta-feira, 8, a Prefeitura de Juiz de Fora (PJF) divulgou o balan\u00e7o das matr\u00edculas para vagas suplementares em creches que foram disponibilizadas a partir desta semana de forma direta (sem fila de espera) em institui\u00e7\u00f5es parceiras do munic\u00edpio para crian\u00e7as entre zero e tr\u00eas anos que n\u00e3o participaram do cadastramento do ano passado.<\/p>\n<div id=\"box_texto_noticia\">\n<p>&nbsp;<\/p>\n<p>Ao longo da semana, os familiares de 290 crian\u00e7as realizaram a matr\u00edcula das crian\u00e7as. Este novo processo realizado pela PJF d\u00e1 a oportunidade para que as vagas por desist\u00eancia, mudan\u00e7a de endere\u00e7o e outras situa\u00e7\u00f5es em que h\u00e1 a escolha da fam\u00edlia por abrir m\u00e3o da vaga, seja disponibilizada para outra fam\u00edlia, otimizando assim o trabalho e garantindo a oferta das vagas dispon\u00edveis para quem n\u00e3o fez o cadastro no ano passado.<br \/>\n<strong>Atendimento Priorit\u00e1rio por Telefone<\/strong><br \/>\nAp\u00f3s um grande volume de atendimento e realiza\u00e7\u00e3o de matr\u00edculas, o processo para vagas suplementares em creches continuar\u00e1 ocorrendo prioritariamente pelo telefone:\u00a0<strong>3690-7721.<\/strong>\u00a0Os familiares poder\u00e3o, at\u00e9 o pr\u00f3ximo cadastro, por meio deste telefone, obter informa\u00e7\u00f5es sobre a disponibilidade das vagas. Caso haja interesse, \u00e9 poss\u00edvel agendar para a confirma\u00e7\u00e3o da matr\u00edcula presencialmente na sede da Secretaria de Educa\u00e7\u00e3o, na Avenida Get\u00falio Vargas, n\u00famero 200.\u00a0 Todas as 46 creches parceiras do munic\u00edpio participam\u00a0deste\u00a0procedimento.<br \/>\n<strong>Vagas Dispon\u00edveis<\/strong><br \/>\nDas vagas dispon\u00edveis no momento, a maioria \u00e9 para turmas de tr\u00eas anos de idade. O arquivo completo com todas as vagas dispon\u00edveis est\u00e1 em anexo.<\/p>\n<div><strong>Fila de espera zerada e Cadastramento 2023<\/strong>\n<\/div>\n<p>A PJF, de forma in\u00e9dita, zerou a<strong>\u00a0<\/strong><a href=\"https:\/\/www.pjf.mg.gov.br\/noticias\/view.php?modo=link2&amp;idnoticia2=76790\"><strong>fila de espera das creches\u00a0<\/strong><\/a>para as crian\u00e7as cadastradas no ano passado, o que possibilitou as matr\u00edculas suplementares. Um novo cadastramento para vagas de creche, referente ao ano de 2023, tem previs\u00e3o para seu in\u00edcio na segunda quinzena de outubro seguindo os crit\u00e9rios relacionados ao\u00a0<a href=\"https:\/\/www.pjf.mg.gov.br\/noticias\/view.php?modo=link2&amp;idnoticia2=76158\"><strong>novo chamamento<\/strong><\/a>\u00a0feito este ano para as creches parceiras.<br \/>\n<strong>Se voc\u00ea tem interesse em receber esta e outras not\u00edcias da PJF diretamente no WhatsApp, entre no nosso grupo<\/strong><a href=\"https:\/\/bit.ly\/3Lj3AjF\"><strong>\u00a0<\/strong><\/a><a href=\"https:\/\/bit.ly\/3tSxipI\"><strong>\u201cCentral Not\u00edcias PJF&#8221;<\/strong><\/a><\/p>\n<p>&nbsp;<\/p>\n<\/div>\n<p>&nbsp;<\/p>\n<div class=\"texto_anexo\"><img loading=\"lazy\" decoding=\"async\" src=\"https:\/\/www.pjf.mg.gov.br\/imagens\/clips.jpg\" width=\"22\" height=\"20\" \/>\u00a0<a href=\"https:\/\/www.pjf.mg.gov.br\/noticias\/anexo\/anexomatriculassuplementares.pdf\" target=\"_blank\" rel=\"noopener\">Veja o anexo<\/a><\/div>\n<p>&nbsp;<\/p>\n<div id=\"box_compartilhar\" align=\"right\"><\/div>\n","protected":false},"excerpt":{"rendered":"<p>Segundo informa\u00e7\u00f5es do site da Prefeitura de Juiz de Fora (PJF), nesta quinta-feira, 8, a Prefeitura de Juiz de Fora (PJF) divulgou o balan\u00e7o das matr\u00edculas para vagas suplementares em creches que foram disponibilizadas a partir desta semana de forma direta (sem fila de espera) em institui\u00e7\u00f5es parceiras do munic\u00edpio para crian\u00e7as entre zero e [&hellip;]<\/p>\n","protected":false},"author":246,"featured_media":204108,"comment_status":"closed","ping_status":"closed","sticky":false,"template":"","format":"standard","meta":{"footnotes":""},"categories":[253,436,439],"tags":[],"class_list":["post-204107","post","type-post","status-publish","format-standard","has-post-thumbnail","hentry","category-cidade","category-destaque-da-semana","category-ultima-hora"],"_links":{"self":[{"href":"https:\/\/diarioregionaldigital.com.br\/index.php?rest_route=\/wp\/v2\/posts\/204107","targetHints":{"allow":["GET"]}}],"collection":[{"href":"https:\/\/diarioregionaldigital.com.br\/index.php?rest_route=\/wp\/v2\/posts"}],"about":[{"href":"https:\/\/diarioregionaldigital.com.br\/index.php?rest_route=\/wp\/v2\/types\/post"}],"author":[{"embeddable":true,"href":"https:\/\/diarioregionaldigital.com.br\/index.php?rest_route=\/wp\/v2\/users\/246"}],"replies":[{"embeddable":true,"href":"https:\/\/diarioregionaldigital.com.br\/index.php?rest_route=%2Fwp%2Fv2%2Fcomments&post=204107"}],"version-history":[{"count":1,"href":"https:\/\/diarioregionaldigital.com.br\/index.php?rest_route=\/wp\/v2\/posts\/204107\/revisions"}],"predecessor-version":[{"id":204109,"href":"https:\/\/diarioregionaldigital.com.br\/index.php?rest_route=\/wp\/v2\/posts\/204107\/revisions\/204109"}],"wp:featuredmedia":[{"embeddable":true,"href":"https:\/\/diarioregionaldigital.com.br\/index.php?rest_route=\/wp\/v2\/media\/204108"}],"wp:attachment":[{"href":"https:\/\/diarioregionaldigital.com.br\/index.php?rest_route=%2Fwp%2Fv2%2Fmedia&parent=204107"}],"wp:term":[{"taxonomy":"category","embeddable":true,"href":"https:\/\/diarioregionaldigital.com.br\/index.php?rest_route=%2Fwp%2Fv2%2Fcategories&post=204107"},{"taxonomy":"post_tag","embeddable":true,"href":"https:\/\/diarioregionaldigital.com.br\/index.php?rest_route=%2Fwp%2Fv2%2Ftags&post=204107"}],"curies":[{"name":"wp","href":"https:\/\/api.w.org\/{rel}","templated":true}]}}