{"id":204103,"date":"2022-09-09T12:05:02","date_gmt":"2022-09-09T15:05:02","guid":{"rendered":"https:\/\/diarioregionaldigital.com.br\/?p=204103"},"modified":"2022-09-09T12:05:38","modified_gmt":"2022-09-09T15:05:38","slug":"pjf-promove-festival-bom-de-bola-no-estadio-municipal-neste-sabado-10","status":"publish","type":"post","link":"https:\/\/diarioregionaldigital.com.br\/?p=204103","title":{"rendered":"PJF promove Festival Bom de Bola no Est\u00e1dio Municipal neste s\u00e1bado, 10"},"content":{"rendered":"<p>Segundo informa\u00e7\u00f5es do site da Prefeitura de Juiz de Fora (PJF), o\u00a0Est\u00e1dio Municipal Radialista M\u00e1rio Hel\u00eanio vai receber neste s\u00e1bado, 10, o Festival Bom de Bola. O evento, coordenado pela Prefeitura de Juiz de Fora (PJF), \u00e9 gratuito e ser\u00e1 realizado a partir das 8h. Este ser\u00e1 o terceiro festival do ano e o primeiro no segundo semestre. Cerca de 150 jovens de dez a 17 anos estar\u00e3o envolvidos.<\/p>\n<p>O Festival Bom de Bola faz parte do Projeto Est\u00e1dio Para Todos e tem como objetivo desenvolver capacidades e habilidades relacionadas ao futebol, al\u00e9m de estimular a forma\u00e7\u00e3o social, educacional e promo\u00e7\u00e3o da sa\u00fade dos praticantes. Ancoradas no respeito \u00e0 cultura esportiva, as atividades s\u00e3o trabalhadas de maneira a respeitar os n\u00edveis de crescimento e o desenvolvimento dos participantes.<\/p>\n<p>Nesta edi\u00e7\u00e3o, participar\u00e3o os inscritos nos n\u00facleos do BB Caem Polivalente (Teixeiras), Clube dos Comerci\u00e1rios (S\u00e3o Geraldo), Pra\u00e7a Teot\u00f4nio Vilela (Vitorino Braga), Campo da Caem Progresso e Nova Uni\u00e3o (S\u00e3o Pedro), al\u00e9m do n\u00facleo do Parque Municipal, administrado pela Secretaria de Esporte e Lazer (SEL). O festival envolver\u00e1 as categorias sub-11, 13, 15 e 17.<br \/>\nOs n\u00facleos do projeto Bom de Bola oferecem vagas para crian\u00e7as e jovens futebolistas de ambos os sexos, em seis bairros da cidade e em diversas categorias. Para fazer a inscri\u00e7\u00e3o, o interessado deve procurar o respons\u00e1vel pelo n\u00facleo no campo nos dias e hor\u00e1rios de treinos, conforme o quadro no\u00a0<a href=\"https:\/\/www.pjf.mg.gov.br\/secretarias\/sel\/programas\/bom_de_bola\/index.php\"><strong>link<\/strong><\/a>.<\/p>\n<p>Mais informa\u00e7\u00f5es pelo telefone: (32) 3690-7818<\/p>\n","protected":false},"excerpt":{"rendered":"<p>Segundo informa\u00e7\u00f5es do site da Prefeitura de Juiz de Fora (PJF), o\u00a0Est\u00e1dio Municipal Radialista M\u00e1rio Hel\u00eanio vai receber neste s\u00e1bado, 10, o Festival Bom de Bola. O evento, coordenado pela Prefeitura de Juiz de Fora (PJF), \u00e9 gratuito e ser\u00e1 realizado a partir das 8h. Este ser\u00e1 o terceiro festival do ano e o primeiro [&hellip;]<\/p>\n","protected":false},"author":246,"featured_media":204104,"comment_status":"closed","ping_status":"closed","sticky":false,"template":"","format":"standard","meta":{"footnotes":""},"categories":[253,436,439],"tags":[],"class_list":["post-204103","post","type-post","status-publish","format-standard","has-post-thumbnail","hentry","category-cidade","category-destaque-da-semana","category-ultima-hora"],"_links":{"self":[{"href":"https:\/\/diarioregionaldigital.com.br\/index.php?rest_route=\/wp\/v2\/posts\/204103","targetHints":{"allow":["GET"]}}],"collection":[{"href":"https:\/\/diarioregionaldigital.com.br\/index.php?rest_route=\/wp\/v2\/posts"}],"about":[{"href":"https:\/\/diarioregionaldigital.com.br\/index.php?rest_route=\/wp\/v2\/types\/post"}],"author":[{"embeddable":true,"href":"https:\/\/diarioregionaldigital.com.br\/index.php?rest_route=\/wp\/v2\/users\/246"}],"replies":[{"embeddable":true,"href":"https:\/\/diarioregionaldigital.com.br\/index.php?rest_route=%2Fwp%2Fv2%2Fcomments&post=204103"}],"version-history":[{"count":1,"href":"https:\/\/diarioregionaldigital.com.br\/index.php?rest_route=\/wp\/v2\/posts\/204103\/revisions"}],"predecessor-version":[{"id":204105,"href":"https:\/\/diarioregionaldigital.com.br\/index.php?rest_route=\/wp\/v2\/posts\/204103\/revisions\/204105"}],"wp:featuredmedia":[{"embeddable":true,"href":"https:\/\/diarioregionaldigital.com.br\/index.php?rest_route=\/wp\/v2\/media\/204104"}],"wp:attachment":[{"href":"https:\/\/diarioregionaldigital.com.br\/index.php?rest_route=%2Fwp%2Fv2%2Fmedia&parent=204103"}],"wp:term":[{"taxonomy":"category","embeddable":true,"href":"https:\/\/diarioregionaldigital.com.br\/index.php?rest_route=%2Fwp%2Fv2%2Fcategories&post=204103"},{"taxonomy":"post_tag","embeddable":true,"href":"https:\/\/diarioregionaldigital.com.br\/index.php?rest_route=%2Fwp%2Fv2%2Ftags&post=204103"}],"curies":[{"name":"wp","href":"https:\/\/api.w.org\/{rel}","templated":true}]}}