{"id":204100,"date":"2022-09-09T12:00:47","date_gmt":"2022-09-09T15:00:47","guid":{"rendered":"https:\/\/diarioregionaldigital.com.br\/?p=204100"},"modified":"2022-09-09T12:02:07","modified_gmt":"2022-09-09T15:02:07","slug":"prefeita-presta-contas-de-acoes-a-comunidade-de-humaita","status":"publish","type":"post","link":"https:\/\/diarioregionaldigital.com.br\/?p=204100","title":{"rendered":"Prefeita presta contas de a\u00e7\u00f5es \u00e0 comunidade de Humait\u00e1"},"content":{"rendered":"<p>Segundo informa\u00e7\u00f5es do site da Prefeitura de Juiz de Fora (PJF), a\u00a0comunidade do distrito de Humait\u00e1 recebeu, na noite desta quinta-feira, 8, a prefeita Margarida Salom\u00e3o, que, depois de seis meses de sua primeira visita com os moradores, retornou para prestar contas. Al\u00e9m disso, trouxe novidades que v\u00e3o atender demandas antigas dos moradores.<\/p>\n<p>Dentre as a\u00e7\u00f5es realizadas pela Prefeitura de Juiz de Fora (PJF) nos \u00faltimos seis meses, a prefeita destacou, durante a visita, sobre a implementa\u00e7\u00e3o da ilumina\u00e7\u00e3o LED em todo o distrito; mais um ve\u00edculo para o transporte escolar na regi\u00e3o; opera\u00e7\u00e3o tapa-buraco em v\u00e1rias vias; patrolamento nas estradas; e novo quadro de hor\u00e1rios de transporte urbano. Al\u00e9m disso, est\u00e3o em andamento os processos para a instala\u00e7\u00e3o da antena de rede celular, reforma da Unidade B\u00e1sica de Sa\u00fade (UBS) e instala\u00e7\u00e3o de uma academia ao ar livre na pra\u00e7a.<\/p>\n<p>O morador Aser Jo\u00e3o Fonseca, esteve na reuni\u00e3o e destacou que \u201cesse encontro foi muito proveitoso. N\u00f3s apresentamos os problemas que ainda estamos vivenciando na comunidade, mas tamb\u00e9m pudemos entender a realidade e demandas de toda a cidade. Agrade\u00e7o pela disponibilidade da prefeita de vir aqui ouvir todos n\u00f3s\u201d.<br \/>\nO encontro tamb\u00e9m contou com os secret\u00e1rios de Obras, Lincoln Santos; de Mobilidade Urbana, Tadeu David; da secret\u00e1ria de Agricultura, Pecu\u00e1ria e Abastecimento, Fabiola Paulino da Silva; representantes da Sa\u00fade; e da coordenadoria de a\u00e7\u00f5es da zona rural. A prefeita e seu secretariado j\u00e1 retornaram nos distritos de\u00a0<a href=\"https:\/\/www.pjf.mg.gov.br\/noticias\/view.php?modo=link2&amp;idnoticia2=76647\">Torre\u00f5es<\/a>,\u00a0\u00a0<a href=\"https:\/\/www.pjf.mg.gov.br\/noticias\/view.php?modo=link2&amp;idnoticia2=76672\">Ros\u00e1rio de Minas<\/a>,\u00a0<a href=\"https:\/\/www.pjf.mg.gov.br\/noticias\/view.php?modo=link2&amp;idnoticia2=76708\">Sarandira<\/a>,\u00a0<a href=\"https:\/\/www.pjf.mg.gov.br\/noticias\/view.php?modo=link2&amp;idnoticia2=76769\">Monte Verde<\/a>\u00a0e\u00a0<a href=\"https:\/\/www.pjf.mg.gov.br\/noticias\/view.php?modo=link2&amp;idnoticia2=76815\">Caet\u00e9<\/a>, para prestar contas \u00e0s comunidades.<\/p>\n","protected":false},"excerpt":{"rendered":"<p>Segundo informa\u00e7\u00f5es do site da Prefeitura de Juiz de Fora (PJF), a\u00a0comunidade do distrito de Humait\u00e1 recebeu, na noite desta quinta-feira, 8, a prefeita Margarida Salom\u00e3o, que, depois de seis meses de sua primeira visita com os moradores, retornou para prestar contas. Al\u00e9m disso, trouxe novidades que v\u00e3o atender demandas antigas dos moradores. Dentre as [&hellip;]<\/p>\n","protected":false},"author":246,"featured_media":204101,"comment_status":"closed","ping_status":"closed","sticky":false,"template":"","format":"standard","meta":{"footnotes":""},"categories":[253,436,440,439],"tags":[],"class_list":["post-204100","post","type-post","status-publish","format-standard","has-post-thumbnail","hentry","category-cidade","category-destaque-da-semana","category-destaques-do-dia","category-ultima-hora"],"_links":{"self":[{"href":"https:\/\/diarioregionaldigital.com.br\/index.php?rest_route=\/wp\/v2\/posts\/204100","targetHints":{"allow":["GET"]}}],"collection":[{"href":"https:\/\/diarioregionaldigital.com.br\/index.php?rest_route=\/wp\/v2\/posts"}],"about":[{"href":"https:\/\/diarioregionaldigital.com.br\/index.php?rest_route=\/wp\/v2\/types\/post"}],"author":[{"embeddable":true,"href":"https:\/\/diarioregionaldigital.com.br\/index.php?rest_route=\/wp\/v2\/users\/246"}],"replies":[{"embeddable":true,"href":"https:\/\/diarioregionaldigital.com.br\/index.php?rest_route=%2Fwp%2Fv2%2Fcomments&post=204100"}],"version-history":[{"count":1,"href":"https:\/\/diarioregionaldigital.com.br\/index.php?rest_route=\/wp\/v2\/posts\/204100\/revisions"}],"predecessor-version":[{"id":204102,"href":"https:\/\/diarioregionaldigital.com.br\/index.php?rest_route=\/wp\/v2\/posts\/204100\/revisions\/204102"}],"wp:featuredmedia":[{"embeddable":true,"href":"https:\/\/diarioregionaldigital.com.br\/index.php?rest_route=\/wp\/v2\/media\/204101"}],"wp:attachment":[{"href":"https:\/\/diarioregionaldigital.com.br\/index.php?rest_route=%2Fwp%2Fv2%2Fmedia&parent=204100"}],"wp:term":[{"taxonomy":"category","embeddable":true,"href":"https:\/\/diarioregionaldigital.com.br\/index.php?rest_route=%2Fwp%2Fv2%2Fcategories&post=204100"},{"taxonomy":"post_tag","embeddable":true,"href":"https:\/\/diarioregionaldigital.com.br\/index.php?rest_route=%2Fwp%2Fv2%2Ftags&post=204100"}],"curies":[{"name":"wp","href":"https:\/\/api.w.org\/{rel}","templated":true}]}}