{"id":204094,"date":"2022-09-09T11:50:15","date_gmt":"2022-09-09T14:50:15","guid":{"rendered":"https:\/\/diarioregionaldigital.com.br\/?p=204094"},"modified":"2022-09-09T11:50:15","modified_gmt":"2022-09-09T14:50:15","slug":"sul-americana-sao-paulo-derrota-atletico-nos-penaltis-e-chega-a-final","status":"publish","type":"post","link":"https:\/\/diarioregionaldigital.com.br\/?p=204094","title":{"rendered":"Sul-Americana: S\u00e3o Paulo derrota Atl\u00e9tico nos p\u00eanaltis e chega \u00e0 final"},"content":{"rendered":"<p>O S\u00e3o Paulo se classificou para a final da Copa Sul-Americana ap\u00f3s derrotar o Atl\u00e9tico-GO por 4 a 2 na disputa de p\u00eanaltis, na noite desta quinta-feira (8) no est\u00e1dio do Morumbi, na partida de volta da competi\u00e7\u00e3o.<img decoding=\"async\" src=\"https:\/\/agenciabrasil.ebc.com.br\/ebc.png?id=1481537&amp;o=node\" \/><img decoding=\"async\" src=\"https:\/\/agenciabrasil.ebc.com.br\/ebc.gif?id=1481537&amp;o=node\" \/><\/p>\n<p>A vaga na decis\u00e3o teve que ser definida nas penalidades m\u00e1ximas porque o Tricolor venceu de 2 a 0 nos 90 minutos, ap\u00f3s ser derrotado por 3 a 1 no confronto de ida.<\/p>\n<p>Agora o S\u00e3o Paulo enfrenta o Independiente del Valle (Equador) na grande decis\u00e3o, no dia 1\u00ba de outubro, no est\u00e1dio Mario Alberto Kempes, em C\u00f3rdoba (Argentina).<\/p>\n<p>Mesmo pressionada ap\u00f3s o rev\u00e9s na partida de ida, a equipe de Rog\u00e9rio Ceni entrou no gramado confiante, e conseguiu abrir o placar cedo, aos 4 minutos, com Patrick, que aproveitou rebote dado pelo goleiro Renan em chute de Luciano.<\/p>\n<p>Com a vantagem no marcador o S\u00e3o Paulo se animou de vez na partida, e chegou ao segundo aos 17 minutos da etapa final, quando Alisson cruzou para a \u00e1rea, onde Patrick se antecipou \u00e0 defesa para marcar e levar a decis\u00e3o para os p\u00eanaltis.<\/p>\n<p>Nas penalidades m\u00e1ximas, Reinaldo, Calleri, Igor Vin\u00edcius e Galoppo marcaram pelo S\u00e3o Paulo, que teve Luciano desperdi\u00e7ando sua oportunidade, enquanto Wellington Rato e Shaylon marcaram para o Atl\u00e9tico, que viu Baralhas e L\u00e9o Pereira falharem.<\/p>\n<p><span style=\"font-weight: 400;\"><br \/>\n<\/span><span style=\"font-weight: 400;\">Fonte: Ag\u00eancia Brasil <\/span><\/p>\n","protected":false},"excerpt":{"rendered":"<p>O S\u00e3o Paulo se classificou para a final da Copa Sul-Americana ap\u00f3s derrotar o Atl\u00e9tico-GO por 4 a 2 na disputa de p\u00eanaltis, na noite desta quinta-feira (8) no est\u00e1dio do Morumbi, na partida de volta da competi\u00e7\u00e3o. A vaga na decis\u00e3o teve que ser definida nas penalidades m\u00e1ximas porque o Tricolor venceu de 2 [&hellip;]<\/p>\n","protected":false},"author":246,"featured_media":204095,"comment_status":"closed","ping_status":"closed","sticky":false,"template":"","format":"standard","meta":{"footnotes":""},"categories":[436,257,439],"tags":[],"class_list":["post-204094","post","type-post","status-publish","format-standard","has-post-thumbnail","hentry","category-destaque-da-semana","category-esporte","category-ultima-hora"],"_links":{"self":[{"href":"https:\/\/diarioregionaldigital.com.br\/index.php?rest_route=\/wp\/v2\/posts\/204094","targetHints":{"allow":["GET"]}}],"collection":[{"href":"https:\/\/diarioregionaldigital.com.br\/index.php?rest_route=\/wp\/v2\/posts"}],"about":[{"href":"https:\/\/diarioregionaldigital.com.br\/index.php?rest_route=\/wp\/v2\/types\/post"}],"author":[{"embeddable":true,"href":"https:\/\/diarioregionaldigital.com.br\/index.php?rest_route=\/wp\/v2\/users\/246"}],"replies":[{"embeddable":true,"href":"https:\/\/diarioregionaldigital.com.br\/index.php?rest_route=%2Fwp%2Fv2%2Fcomments&post=204094"}],"version-history":[{"count":1,"href":"https:\/\/diarioregionaldigital.com.br\/index.php?rest_route=\/wp\/v2\/posts\/204094\/revisions"}],"predecessor-version":[{"id":204096,"href":"https:\/\/diarioregionaldigital.com.br\/index.php?rest_route=\/wp\/v2\/posts\/204094\/revisions\/204096"}],"wp:featuredmedia":[{"embeddable":true,"href":"https:\/\/diarioregionaldigital.com.br\/index.php?rest_route=\/wp\/v2\/media\/204095"}],"wp:attachment":[{"href":"https:\/\/diarioregionaldigital.com.br\/index.php?rest_route=%2Fwp%2Fv2%2Fmedia&parent=204094"}],"wp:term":[{"taxonomy":"category","embeddable":true,"href":"https:\/\/diarioregionaldigital.com.br\/index.php?rest_route=%2Fwp%2Fv2%2Fcategories&post=204094"},{"taxonomy":"post_tag","embeddable":true,"href":"https:\/\/diarioregionaldigital.com.br\/index.php?rest_route=%2Fwp%2Fv2%2Ftags&post=204094"}],"curies":[{"name":"wp","href":"https:\/\/api.w.org\/{rel}","templated":true}]}}