{"id":204085,"date":"2022-09-09T11:32:01","date_gmt":"2022-09-09T14:32:01","guid":{"rendered":"https:\/\/diarioregionaldigital.com.br\/?p=204085"},"modified":"2022-09-09T11:32:01","modified_gmt":"2022-09-09T14:32:01","slug":"atletico-mg-confirma-lesao-de-arana-que-esta-fora-da-copa-do-mundo","status":"publish","type":"post","link":"https:\/\/diarioregionaldigital.com.br\/?p=204085","title":{"rendered":"Atl\u00e9tico-MG confirma les\u00e3o de Arana, que est\u00e1 fora da Copa do Mundo"},"content":{"rendered":"<p>O Atl\u00e9tico-MG confirmou, nesta quinta-feira (8), a gravidade da les\u00e3o que o lateral-esquerdo Guilherme Arana sofreu no joelho esquerdo na \u00faltima quarta-feira em jogo contra o Bragantino. Com isso, o jogador, que \u00e9 constantemente convocado para a sele\u00e7\u00e3o pelo t\u00e9cnico Tite, est\u00e1 fora da Copa do Mundo, que ser\u00e1 disputada a partir do dia 20 de novembro no Catar.<img decoding=\"async\" src=\"https:\/\/agenciabrasil.ebc.com.br\/ebc.png?id=1481522&amp;o=node\" \/><img decoding=\"async\" src=\"https:\/\/agenciabrasil.ebc.com.br\/ebc.gif?id=1481522&amp;o=node\" \/><\/p>\n<p>A les\u00e3o, que comprometeu \u201cos ligamentos cruzado posterior e colateral medial\u201d e rompeu o \u201cmenisco medial e a &#8220;cartilagem\u201d, foi sofrida em confronto com o Bragantino na \u00faltima quarta-feira (7) pelo Campeonato Brasileiro.<\/p>\n<p>Segundo o Galo, \u201co jogador j\u00e1 iniciou fisioterapia a fim de preparar o joelho para procedimento cir\u00fargico que ocorrer\u00e1 em data a ser marcada\u201d.<\/p>\n<p>Momentos ap\u00f3s a confirma\u00e7\u00e3o da gravidade da les\u00e3o, o jogador publicou uma mensagem em suas redes sociais lamentando a situa\u00e7\u00e3o: \u201c\u00c9 com bastante dor no cora\u00e7\u00e3o que escrevo essa mensagem! Momento muito complicado. Ano de Copa do Mundo. Representar o meu pa\u00eds nessa competi\u00e7\u00e3o \u00e9 um sonho que tenho desde quando eu era uma crian\u00e7a. E esse sonho estava cada vez mais perto de ser realizado. S\u00e3o coisas do futebol, uma triste fatalidade. Agora, como sempre, irei me apoiar em Deus, na minha esposa, no meu filho, nos meus pais e no meu irm\u00e3o. Vamos superar esse momento e sairemos dessa, ainda mais, fortes e unidos\u201d.<\/p>\n<p>A confirma\u00e7\u00e3o da les\u00e3o de Arana \u00e9 feita um dia antes de o t\u00e9cnico Tite convocar a sele\u00e7\u00e3o para os dois \u00faltimos amistosos antes da Copa, contra Gana, no dia 23 de setembro, e contra a Tun\u00edsia, quatro dias depois.<\/p>\n<p><span style=\"font-weight: 400;\"><br \/>\n<\/span><span style=\"font-weight: 400;\">Fonte: Ag\u00eancia Brasil\u00a0<\/span><span style=\"font-weight: 400;\"><br \/>\n<\/span><\/p>\n","protected":false},"excerpt":{"rendered":"<p>O Atl\u00e9tico-MG confirmou, nesta quinta-feira (8), a gravidade da les\u00e3o que o lateral-esquerdo Guilherme Arana sofreu no joelho esquerdo na \u00faltima quarta-feira em jogo contra o Bragantino. Com isso, o jogador, que \u00e9 constantemente convocado para a sele\u00e7\u00e3o pelo t\u00e9cnico Tite, est\u00e1 fora da Copa do Mundo, que ser\u00e1 disputada a partir do dia 20 [&hellip;]<\/p>\n","protected":false},"author":246,"featured_media":204086,"comment_status":"closed","ping_status":"closed","sticky":false,"template":"","format":"standard","meta":{"footnotes":""},"categories":[436,440,257,439],"tags":[],"class_list":["post-204085","post","type-post","status-publish","format-standard","has-post-thumbnail","hentry","category-destaque-da-semana","category-destaques-do-dia","category-esporte","category-ultima-hora"],"_links":{"self":[{"href":"https:\/\/diarioregionaldigital.com.br\/index.php?rest_route=\/wp\/v2\/posts\/204085","targetHints":{"allow":["GET"]}}],"collection":[{"href":"https:\/\/diarioregionaldigital.com.br\/index.php?rest_route=\/wp\/v2\/posts"}],"about":[{"href":"https:\/\/diarioregionaldigital.com.br\/index.php?rest_route=\/wp\/v2\/types\/post"}],"author":[{"embeddable":true,"href":"https:\/\/diarioregionaldigital.com.br\/index.php?rest_route=\/wp\/v2\/users\/246"}],"replies":[{"embeddable":true,"href":"https:\/\/diarioregionaldigital.com.br\/index.php?rest_route=%2Fwp%2Fv2%2Fcomments&post=204085"}],"version-history":[{"count":2,"href":"https:\/\/diarioregionaldigital.com.br\/index.php?rest_route=\/wp\/v2\/posts\/204085\/revisions"}],"predecessor-version":[{"id":204088,"href":"https:\/\/diarioregionaldigital.com.br\/index.php?rest_route=\/wp\/v2\/posts\/204085\/revisions\/204088"}],"wp:featuredmedia":[{"embeddable":true,"href":"https:\/\/diarioregionaldigital.com.br\/index.php?rest_route=\/wp\/v2\/media\/204086"}],"wp:attachment":[{"href":"https:\/\/diarioregionaldigital.com.br\/index.php?rest_route=%2Fwp%2Fv2%2Fmedia&parent=204085"}],"wp:term":[{"taxonomy":"category","embeddable":true,"href":"https:\/\/diarioregionaldigital.com.br\/index.php?rest_route=%2Fwp%2Fv2%2Fcategories&post=204085"},{"taxonomy":"post_tag","embeddable":true,"href":"https:\/\/diarioregionaldigital.com.br\/index.php?rest_route=%2Fwp%2Fv2%2Ftags&post=204085"}],"curies":[{"name":"wp","href":"https:\/\/api.w.org\/{rel}","templated":true}]}}