{"id":204082,"date":"2022-09-09T11:21:00","date_gmt":"2022-09-09T14:21:00","guid":{"rendered":"https:\/\/diarioregionaldigital.com.br\/?p=204082"},"modified":"2022-09-09T11:21:00","modified_gmt":"2022-09-09T14:21:00","slug":"fux-participa-de-ultima-sessao-na-presidencia-do-supremo","status":"publish","type":"post","link":"https:\/\/diarioregionaldigital.com.br\/?p=204082","title":{"rendered":"Fux participa de \u00faltima sess\u00e3o na presid\u00eancia do Supremo"},"content":{"rendered":"<p>O presidente do Supremo Tribunal Federal (STF), ministro Luiz Fux, participou hoje (8) da \u00faltima sess\u00e3o no comando da Corte. Na segunda-feira (12), ele completar\u00e1 o per\u00edodo m\u00e1ximo de dois anos na presid\u00eancia e ser\u00e1 substitu\u00eddo pela ministra Rosa Weber.\u00a0<img decoding=\"async\" src=\"https:\/\/agenciabrasil.ebc.com.br\/ebc.png?id=1481500&amp;o=node\" \/><img decoding=\"async\" src=\"https:\/\/agenciabrasil.ebc.com.br\/ebc.gif?id=1481500&amp;o=node\" \/><\/p>\n<p>No discurso de despedida, Fux fez a leitura de um relat\u00f3rio com o balan\u00e7o das atividades e afirmou que o\u00a0 STF sofreu diversos ataques durante sua gest\u00e3o.<\/p>\n<p>&#8220;Nos dois \u00faltimos anos, a Corte e seus membros sofreram severos ataques em tons e atitudes extremamente en\u00e9rgicos. N\u00e3o houve um dia sequer em que a legitimidade de nossas decis\u00f5es n\u00e3o tenha sido questionada, seja por palavras hostis, seja por atos antidemocr\u00e1ticos&#8221;, afirmou.<\/p>\n<p>O presidente do STF tamb\u00e9m recebeu homenagens dos demais ministros, da Procuradoria-Geral da Rep\u00fablica (PGR), da Ordem dos Advogados do Brasil (OAB) e da Associa\u00e7\u00e3o dos Magistrados Brasileiros (AMB).<\/p>\n<h2>Primeira Turma<\/h2>\n<p>O ministro continuar\u00e1 no tribunal e dever\u00e1 compor a Primeira Turma da Corte.\u00a0Em 2011, Fux foi nomeado pela ex-presidente Dilma Rousseff e assumiu o cargo ap\u00f3s ser aprovado pelo Senado.<\/p>\n<p>Antes de chegar ao Supremo, Fux passou por todas as inst\u00e2ncias do Judici\u00e1rio e ingressou na carreira por meio de concurso p\u00fablico. Foi juiz de Direito, desembargador do Tribunal de Justi\u00e7a do Rio de Janeiro e ministro do Superior Tribunal de Justi\u00e7a (STJ). Ele tamb\u00e9m atuou como promotor antes de entrar na magistratura.<\/p>\n<p>O ministro tamb\u00e9m presidiu a comiss\u00e3o de revis\u00e3o do Novo C\u00f3digo de Processo Civil (NCPC), aprovado pelo Congresso em 2016.<\/p>\n<p>A posse da ministra Rosa Weber na presid\u00eancia do STF ser\u00e1 na segunda-feira (12). A cerim\u00f4nia deve contar com 1,3 mil convidados. Todos os candidatos \u00e0 Presid\u00eancia da Rep\u00fablica foram convidados.<\/p>\n<p><span style=\"font-weight: 400;\">Fonte: Ag\u00eancia Brasil <\/span><\/p>\n","protected":false},"excerpt":{"rendered":"<p>O presidente do Supremo Tribunal Federal (STF), ministro Luiz Fux, participou hoje (8) da \u00faltima sess\u00e3o no comando da Corte. Na segunda-feira (12), ele completar\u00e1 o per\u00edodo m\u00e1ximo de dois anos na presid\u00eancia e ser\u00e1 substitu\u00eddo pela ministra Rosa Weber.\u00a0 No discurso de despedida, Fux fez a leitura de um relat\u00f3rio com o balan\u00e7o das [&hellip;]<\/p>\n","protected":false},"author":246,"featured_media":204083,"comment_status":"closed","ping_status":"closed","sticky":false,"template":"","format":"standard","meta":{"footnotes":""},"categories":[436,254,439],"tags":[],"class_list":["post-204082","post","type-post","status-publish","format-standard","has-post-thumbnail","hentry","category-destaque-da-semana","category-politica","category-ultima-hora"],"_links":{"self":[{"href":"https:\/\/diarioregionaldigital.com.br\/index.php?rest_route=\/wp\/v2\/posts\/204082","targetHints":{"allow":["GET"]}}],"collection":[{"href":"https:\/\/diarioregionaldigital.com.br\/index.php?rest_route=\/wp\/v2\/posts"}],"about":[{"href":"https:\/\/diarioregionaldigital.com.br\/index.php?rest_route=\/wp\/v2\/types\/post"}],"author":[{"embeddable":true,"href":"https:\/\/diarioregionaldigital.com.br\/index.php?rest_route=\/wp\/v2\/users\/246"}],"replies":[{"embeddable":true,"href":"https:\/\/diarioregionaldigital.com.br\/index.php?rest_route=%2Fwp%2Fv2%2Fcomments&post=204082"}],"version-history":[{"count":1,"href":"https:\/\/diarioregionaldigital.com.br\/index.php?rest_route=\/wp\/v2\/posts\/204082\/revisions"}],"predecessor-version":[{"id":204084,"href":"https:\/\/diarioregionaldigital.com.br\/index.php?rest_route=\/wp\/v2\/posts\/204082\/revisions\/204084"}],"wp:featuredmedia":[{"embeddable":true,"href":"https:\/\/diarioregionaldigital.com.br\/index.php?rest_route=\/wp\/v2\/media\/204083"}],"wp:attachment":[{"href":"https:\/\/diarioregionaldigital.com.br\/index.php?rest_route=%2Fwp%2Fv2%2Fmedia&parent=204082"}],"wp:term":[{"taxonomy":"category","embeddable":true,"href":"https:\/\/diarioregionaldigital.com.br\/index.php?rest_route=%2Fwp%2Fv2%2Fcategories&post=204082"},{"taxonomy":"post_tag","embeddable":true,"href":"https:\/\/diarioregionaldigital.com.br\/index.php?rest_route=%2Fwp%2Fv2%2Ftags&post=204082"}],"curies":[{"name":"wp","href":"https:\/\/api.w.org\/{rel}","templated":true}]}}