{"id":204079,"date":"2022-09-09T11:17:05","date_gmt":"2022-09-09T14:17:05","guid":{"rendered":"https:\/\/diarioregionaldigital.com.br\/?p=204079"},"modified":"2022-09-09T11:17:05","modified_gmt":"2022-09-09T14:17:05","slug":"soraya-thronicke-propoe-usar-rede-privada-para-trazer-alunos-a-escola","status":"publish","type":"post","link":"https:\/\/diarioregionaldigital.com.br\/?p=204079","title":{"rendered":"Soraya Thronicke prop\u00f5e usar rede privada para trazer alunos \u00e0 escola"},"content":{"rendered":"<p>A candidata do Uni\u00e3o Brasil \u00e0 presid\u00eancia da Rep\u00fablica, Soraya Thronicke, disse hoje (8) que pretende utilizar, de forma emergencial, vagas da rede particular de ensino do pa\u00eds para trazer de volta os alunos que se afastaram das escolas ap\u00f3s a pandemia de covid-19. De acordo com a candidata, s\u00e3o cerca de 240 mil crian\u00e7as nessa situa\u00e7\u00e3o atualmente no pa\u00eds.\u00a0<img decoding=\"async\" src=\"https:\/\/agenciabrasil.ebc.com.br\/ebc.png?id=1481530&amp;o=node\" \/><img decoding=\"async\" src=\"https:\/\/agenciabrasil.ebc.com.br\/ebc.gif?id=1481530&amp;o=node\" \/><\/p>\n<p>\u201cA iniciativa privada j\u00e1 presta o servi\u00e7o no campo privado. Muitos t\u00eam vagas que podem ser preenchidas com crian\u00e7as da rede p\u00fablica. [Ao poder p\u00fablico basta] apenas pagar. O que pode ser feito \u00e9 negociar pre\u00e7o, mas eles podem, sim, ajudar a diminuir o d\u00e9ficit de crian\u00e7as que est\u00e3o fora da escola\u201d, disse em entrevista ap\u00f3s participar de encontro com representantes do Movimento Agenda 227 e receber o Plano Pa\u00eds da Inf\u00e2ncia e a Adolesc\u00eancia.<\/p>\n<p>De acordo com a candidata, para colocar em a\u00e7\u00e3o a proposta, seriam feitas parcerias p\u00fablico-privadas. \u201c\u00c9 interessante no Brasil, n\u00f3s gastamos como pa\u00eds de primeiro mundo e entregamos uma educa\u00e7\u00e3o de quinta categoria. Ent\u00e3o, se soubermos equalizar e conversar bem com as prefeituras e os estados, n\u00f3s conseguimos [entregar educa\u00e7\u00e3o de qualidade]\u201d.<\/p>\n<p>A candidata ainda defendeu a implementa\u00e7\u00e3o de material complementar de educa\u00e7\u00e3o no sistema de ensino, que seria distribu\u00eddo por meio de aplicativos e livros para aprendizagem autodidata. \u201cA pessoa vai complementar o seu estudo nas horas vagas, de uma forma l\u00fadica, de uma forma divertida de aprender\u201d, disse.<\/p>\n<p>\u201c\u00c9 poss\u00edvel , al\u00e9m de tudo, colocar toda a capacidade da nossa televis\u00e3o, da TV estatal, e das r\u00e1dios, tudo que a gente puder para dar aulas, mas aula show, aulas que realmente possam atrair as crian\u00e7as, os adolescentes e os adultos\u201d, acrescentou.<\/p>\n<p>Thronicke ressaltou, no entanto, que n\u00e3o pretende abrir m\u00e3o das escolas f\u00edsicas e dos professores presenciais. \u201cJamais abriremos m\u00e3o das escolas e dos professores, mesmo porque n\u00f3s temos essa quest\u00e3o de que as crian\u00e7as se alimentam nas escolas, professores bem treinados conseguem identificar viol\u00eancia em casa, e uma s\u00e9rie de quest\u00f5es que s\u00e3o importantes dentro de um conceito geral\u201d.<\/p>\n<p>Na agenda da candidata do Uni\u00e3o Brasil nesta quinta-feira estava previsto o encontro com representantes do Movimento Agenda 227, entrevistas ao jornal O Estado de S\u00e3o Paulo e para o podcast Cara a Tapa.<\/p>\n<p><span style=\"font-weight: 400;\">Fonte: Ag\u00eancia Brasil <\/span><\/p>\n","protected":false},"excerpt":{"rendered":"<p>A candidata do Uni\u00e3o Brasil \u00e0 presid\u00eancia da Rep\u00fablica, Soraya Thronicke, disse hoje (8) que pretende utilizar, de forma emergencial, vagas da rede particular de ensino do pa\u00eds para trazer de volta os alunos que se afastaram das escolas ap\u00f3s a pandemia de covid-19. De acordo com a candidata, s\u00e3o cerca de 240 mil crian\u00e7as [&hellip;]<\/p>\n","protected":false},"author":246,"featured_media":204080,"comment_status":"closed","ping_status":"closed","sticky":false,"template":"","format":"standard","meta":{"footnotes":""},"categories":[436,254,439],"tags":[],"class_list":["post-204079","post","type-post","status-publish","format-standard","has-post-thumbnail","hentry","category-destaque-da-semana","category-politica","category-ultima-hora"],"_links":{"self":[{"href":"https:\/\/diarioregionaldigital.com.br\/index.php?rest_route=\/wp\/v2\/posts\/204079","targetHints":{"allow":["GET"]}}],"collection":[{"href":"https:\/\/diarioregionaldigital.com.br\/index.php?rest_route=\/wp\/v2\/posts"}],"about":[{"href":"https:\/\/diarioregionaldigital.com.br\/index.php?rest_route=\/wp\/v2\/types\/post"}],"author":[{"embeddable":true,"href":"https:\/\/diarioregionaldigital.com.br\/index.php?rest_route=\/wp\/v2\/users\/246"}],"replies":[{"embeddable":true,"href":"https:\/\/diarioregionaldigital.com.br\/index.php?rest_route=%2Fwp%2Fv2%2Fcomments&post=204079"}],"version-history":[{"count":1,"href":"https:\/\/diarioregionaldigital.com.br\/index.php?rest_route=\/wp\/v2\/posts\/204079\/revisions"}],"predecessor-version":[{"id":204081,"href":"https:\/\/diarioregionaldigital.com.br\/index.php?rest_route=\/wp\/v2\/posts\/204079\/revisions\/204081"}],"wp:featuredmedia":[{"embeddable":true,"href":"https:\/\/diarioregionaldigital.com.br\/index.php?rest_route=\/wp\/v2\/media\/204080"}],"wp:attachment":[{"href":"https:\/\/diarioregionaldigital.com.br\/index.php?rest_route=%2Fwp%2Fv2%2Fmedia&parent=204079"}],"wp:term":[{"taxonomy":"category","embeddable":true,"href":"https:\/\/diarioregionaldigital.com.br\/index.php?rest_route=%2Fwp%2Fv2%2Fcategories&post=204079"},{"taxonomy":"post_tag","embeddable":true,"href":"https:\/\/diarioregionaldigital.com.br\/index.php?rest_route=%2Fwp%2Fv2%2Ftags&post=204079"}],"curies":[{"name":"wp","href":"https:\/\/api.w.org\/{rel}","templated":true}]}}