{"id":204070,"date":"2022-09-09T10:54:50","date_gmt":"2022-09-09T13:54:50","guid":{"rendered":"https:\/\/diarioregionaldigital.com.br\/?p=204070"},"modified":"2022-09-09T10:54:50","modified_gmt":"2022-09-09T13:54:50","slug":"indice-de-confianca-das-pequenas-empresas-tem-alta-de-27-pontos","status":"publish","type":"post","link":"https:\/\/diarioregionaldigital.com.br\/?p=204070","title":{"rendered":"\u00cdndice de Confian\u00e7a das Pequenas Empresas tem alta de 2,7 pontos"},"content":{"rendered":"<p>O \u00cdndice de Confian\u00e7a das Micro e Pequenas Empresas teve, em agosto, alta de 2,7 pontos. Assim, o indicador &#8211; elaborado numa parceria entre a Funda\u00e7\u00e3o Getulio Vargas (FGV) e o\u00a0Servi\u00e7o Brasileiro de Apoio \u00e0s Micro e Pequenas Empresas (Sebrae) &#8211; atingiu 100,6 pontos, melhor marca desde novembro de 2013.<img decoding=\"async\" src=\"https:\/\/agenciabrasil.ebc.com.br\/ebc.png?id=1481422&amp;o=node\" \/><img decoding=\"async\" src=\"https:\/\/agenciabrasil.ebc.com.br\/ebc.gif?id=1481422&amp;o=node\" \/><\/p>\n<p>A melhora na confian\u00e7a dos empres\u00e1rios em agosto foi puxada pela alta no com\u00e9rcio: 5,4 pontos. O setor de servi\u00e7os teve eleva\u00e7\u00e3o de 0,5 ponto no m\u00eas e a ind\u00fastria da transforma\u00e7\u00e3o registrou a segunda queda consecutiva: 1,4 ponto.<\/p>\n<h2>Expans\u00e3o<\/h2>\n<p>A alta do com\u00e9rcio das micro e pequenas empresas foi maior que a do com\u00e9rcio em geral, que teve eleva\u00e7\u00e3o de 4,3 pontos em agosto. O \u00edndice de confian\u00e7a das empresas em geral cresceu 2,2 pontos no m\u00eas, ficando em 100,8 pontos.<\/p>\n<p>Segundo o presidente do Sebrae, Carlos Melles, \u201ca confian\u00e7a das micro e pequenas empresas retornou para a trajet\u00f3ria de recupera\u00e7\u00e3o iniciada em fevereiro\u201d. Na avalia\u00e7\u00e3o dele, o \u00edndice, ao superar a marca de 100 pontos, que indica a neutralidade, mostra uma perspectiva dos empres\u00e1rios de melhoria do cen\u00e1rio econ\u00f4mico.<\/p>\n<p>\u201cAjudaram nesse resultado recursos disponibilizados pelo governo, a melhoria do mercado de trabalho e a desacelera\u00e7\u00e3o dos pre\u00e7os\u201d, finalizou.<\/p>\n<p><span style=\"font-weight: 400;\">Fonte: Ag\u00eancia Brasil <\/span><\/p>\n","protected":false},"excerpt":{"rendered":"<p>O \u00cdndice de Confian\u00e7a das Micro e Pequenas Empresas teve, em agosto, alta de 2,7 pontos. Assim, o indicador &#8211; elaborado numa parceria entre a Funda\u00e7\u00e3o Getulio Vargas (FGV) e o\u00a0Servi\u00e7o Brasileiro de Apoio \u00e0s Micro e Pequenas Empresas (Sebrae) &#8211; atingiu 100,6 pontos, melhor marca desde novembro de 2013. A melhora na confian\u00e7a dos [&hellip;]<\/p>\n","protected":false},"author":246,"featured_media":204071,"comment_status":"closed","ping_status":"closed","sticky":false,"template":"","format":"standard","meta":{"footnotes":""},"categories":[436,261,439],"tags":[],"class_list":["post-204070","post","type-post","status-publish","format-standard","has-post-thumbnail","hentry","category-destaque-da-semana","category-economia","category-ultima-hora"],"_links":{"self":[{"href":"https:\/\/diarioregionaldigital.com.br\/index.php?rest_route=\/wp\/v2\/posts\/204070","targetHints":{"allow":["GET"]}}],"collection":[{"href":"https:\/\/diarioregionaldigital.com.br\/index.php?rest_route=\/wp\/v2\/posts"}],"about":[{"href":"https:\/\/diarioregionaldigital.com.br\/index.php?rest_route=\/wp\/v2\/types\/post"}],"author":[{"embeddable":true,"href":"https:\/\/diarioregionaldigital.com.br\/index.php?rest_route=\/wp\/v2\/users\/246"}],"replies":[{"embeddable":true,"href":"https:\/\/diarioregionaldigital.com.br\/index.php?rest_route=%2Fwp%2Fv2%2Fcomments&post=204070"}],"version-history":[{"count":1,"href":"https:\/\/diarioregionaldigital.com.br\/index.php?rest_route=\/wp\/v2\/posts\/204070\/revisions"}],"predecessor-version":[{"id":204072,"href":"https:\/\/diarioregionaldigital.com.br\/index.php?rest_route=\/wp\/v2\/posts\/204070\/revisions\/204072"}],"wp:featuredmedia":[{"embeddable":true,"href":"https:\/\/diarioregionaldigital.com.br\/index.php?rest_route=\/wp\/v2\/media\/204071"}],"wp:attachment":[{"href":"https:\/\/diarioregionaldigital.com.br\/index.php?rest_route=%2Fwp%2Fv2%2Fmedia&parent=204070"}],"wp:term":[{"taxonomy":"category","embeddable":true,"href":"https:\/\/diarioregionaldigital.com.br\/index.php?rest_route=%2Fwp%2Fv2%2Fcategories&post=204070"},{"taxonomy":"post_tag","embeddable":true,"href":"https:\/\/diarioregionaldigital.com.br\/index.php?rest_route=%2Fwp%2Fv2%2Ftags&post=204070"}],"curies":[{"name":"wp","href":"https:\/\/api.w.org\/{rel}","templated":true}]}}