{"id":204066,"date":"2022-09-09T10:51:08","date_gmt":"2022-09-09T13:51:08","guid":{"rendered":"https:\/\/diarioregionaldigital.com.br\/?p=204066"},"modified":"2022-09-09T10:51:08","modified_gmt":"2022-09-09T13:51:08","slug":"ministro-ve-oportunidades-com-a-reconfiguracao-de-cadeias-globais","status":"publish","type":"post","link":"https:\/\/diarioregionaldigital.com.br\/?p=204066","title":{"rendered":"Ministro v\u00ea oportunidades com a reconfigura\u00e7\u00e3o de cadeias globais"},"content":{"rendered":"<p>O ministro da Economia, Paulo Guedes, disse hoje (8), na capital paulista, que a reconfigura\u00e7\u00e3o das cadeias produtivas globais, resultante da pandemia da covid-19 e da guerra na Ucr\u00e2nia, pode se converter em oportunidade para o Brasil.<img decoding=\"async\" src=\"https:\/\/agenciabrasil.ebc.com.br\/ebc.png?id=1481497&amp;o=node\" \/><img decoding=\"async\" src=\"https:\/\/agenciabrasil.ebc.com.br\/ebc.gif?id=1481497&amp;o=node\" \/><\/p>\n<p>\u201cO Brasil tem uma oportunidade hist\u00f3rica de emergir como um pa\u00eds de grandes recursos que \u00e9: uma pot\u00eancia digital, a quarta maior do mundo, maior penetra\u00e7\u00e3o digital; uma pot\u00eancia energ\u00e9tica, energia renov\u00e1vel, ningu\u00e9m tem a matriz mais limpa e mais diversificada que a brasileira; uma pot\u00eancia verde, ambiental; e ao mesmo tempo uma pot\u00eancia alimentar\u201d, disse em evento do setor automotivo.<\/p>\n<p>O ministro citou avalia\u00e7\u00f5es feitas pelo Tesouro dos Estados Unidos e pela Organiza\u00e7\u00e3o para a Coopera\u00e7\u00e3o e Desenvolvimento Econ\u00f4mico (OCDE), que indicam dois requisitos para os futuros investimentos. Uma delas \u00e9 que n\u00e3o se deve investir muito longe, tendo em vista poss\u00edveis problemas log\u00edsticos por ter o abastecimento longe da produ\u00e7\u00e3o.<\/p>\n<p>\u201cN\u00e3o adianta voc\u00ea ter os semicondutores sendo produzidos l\u00e1 em Taiwan, onde s\u00e3o produzidos 80% de todos os semicondutores do mundo, porque, se tiver qualquer desorganiza\u00e7\u00e3o, como foi a crise da covid, voc\u00ea paralisa 5G, telecomunica\u00e7\u00f5es, ind\u00fastria automobil\u00edstica\u201d, disse.<\/p>\n<p>O outro requisito \u00e9 a manuten\u00e7\u00e3o de boas rela\u00e7\u00f5es com o pa\u00eds fornecedor. \u201cTem que ser amigo. A R\u00fassia, por exemplo, est\u00e1 muito perto da Europa. Tem uma parte do pa\u00eds, inclusive, que est\u00e1 na Europa continental, mas s\u00e3o hostis\u201d, lembrou.<\/p>\n<p>Guedes destacou medidas que ajudaram a preservar o emprego durante a pandemia da covid-19, como o Programa Emergencial de Manuten\u00e7\u00e3o do Emprego e da Renda. O ministro estima que a taxa de desemprego deve chegar \u00e0 casa de 8% at\u00e9 o final do ano. Dados do Instituto Brasileiro de Geografia e Estat\u00edstica (IBGE), em rela\u00e7\u00e3o ao trimestre encerrado em junho, mostram uma taxa de 9,3%.<\/p>\n<p><span style=\"font-weight: 400;\">Fonte: Ag\u00eancia Brasil <\/span><\/p>\n","protected":false},"excerpt":{"rendered":"<p>O ministro da Economia, Paulo Guedes, disse hoje (8), na capital paulista, que a reconfigura\u00e7\u00e3o das cadeias produtivas globais, resultante da pandemia da covid-19 e da guerra na Ucr\u00e2nia, pode se converter em oportunidade para o Brasil. \u201cO Brasil tem uma oportunidade hist\u00f3rica de emergir como um pa\u00eds de grandes recursos que \u00e9: uma pot\u00eancia [&hellip;]<\/p>\n","protected":false},"author":246,"featured_media":204067,"comment_status":"closed","ping_status":"closed","sticky":false,"template":"","format":"standard","meta":{"footnotes":""},"categories":[436,261,439],"tags":[],"class_list":["post-204066","post","type-post","status-publish","format-standard","has-post-thumbnail","hentry","category-destaque-da-semana","category-economia","category-ultima-hora"],"_links":{"self":[{"href":"https:\/\/diarioregionaldigital.com.br\/index.php?rest_route=\/wp\/v2\/posts\/204066","targetHints":{"allow":["GET"]}}],"collection":[{"href":"https:\/\/diarioregionaldigital.com.br\/index.php?rest_route=\/wp\/v2\/posts"}],"about":[{"href":"https:\/\/diarioregionaldigital.com.br\/index.php?rest_route=\/wp\/v2\/types\/post"}],"author":[{"embeddable":true,"href":"https:\/\/diarioregionaldigital.com.br\/index.php?rest_route=\/wp\/v2\/users\/246"}],"replies":[{"embeddable":true,"href":"https:\/\/diarioregionaldigital.com.br\/index.php?rest_route=%2Fwp%2Fv2%2Fcomments&post=204066"}],"version-history":[{"count":2,"href":"https:\/\/diarioregionaldigital.com.br\/index.php?rest_route=\/wp\/v2\/posts\/204066\/revisions"}],"predecessor-version":[{"id":204069,"href":"https:\/\/diarioregionaldigital.com.br\/index.php?rest_route=\/wp\/v2\/posts\/204066\/revisions\/204069"}],"wp:featuredmedia":[{"embeddable":true,"href":"https:\/\/diarioregionaldigital.com.br\/index.php?rest_route=\/wp\/v2\/media\/204067"}],"wp:attachment":[{"href":"https:\/\/diarioregionaldigital.com.br\/index.php?rest_route=%2Fwp%2Fv2%2Fmedia&parent=204066"}],"wp:term":[{"taxonomy":"category","embeddable":true,"href":"https:\/\/diarioregionaldigital.com.br\/index.php?rest_route=%2Fwp%2Fv2%2Fcategories&post=204066"},{"taxonomy":"post_tag","embeddable":true,"href":"https:\/\/diarioregionaldigital.com.br\/index.php?rest_route=%2Fwp%2Fv2%2Ftags&post=204066"}],"curies":[{"name":"wp","href":"https:\/\/api.w.org\/{rel}","templated":true}]}}