{"id":204063,"date":"2022-09-09T10:48:19","date_gmt":"2022-09-09T13:48:19","guid":{"rendered":"https:\/\/diarioregionaldigital.com.br\/?p=204063"},"modified":"2022-09-09T10:48:19","modified_gmt":"2022-09-09T13:48:19","slug":"malha-aerea-internacional-do-brasil-atinge-maior-volume-desde-2019","status":"publish","type":"post","link":"https:\/\/diarioregionaldigital.com.br\/?p=204063","title":{"rendered":"Malha a\u00e9rea internacional do Brasil atinge maior volume desde 2019"},"content":{"rendered":"<p>O n\u00famero de chegadas de voos internacionais ao Brasil, em agosto deste ano, foi o maior j\u00e1 registrado desde o in\u00edcio da pandemia de covid-19. Segundo a Ag\u00eancia Brasileira de Promo\u00e7\u00e3o Internacional do Turismo (Embratur), somente no m\u00eas passado houve 4.003 desembarques, o que representa 80,71% da capacidade demonstrada em 2019. Comparado a agosto de 2021, foi registrado de 232,35% nas conectividades internacionais.<img decoding=\"async\" src=\"https:\/\/agenciabrasil.ebc.com.br\/ebc.png?id=1481546&amp;o=node\" \/><img decoding=\"async\" src=\"https:\/\/agenciabrasil.ebc.com.br\/ebc.gif?id=1481546&amp;o=node\" \/><\/p>\n<p>At\u00e9 julho de 2022, a malha a\u00e9rea internacional mantinha tend\u00eancia de alta, acima dos 70% da capacidade de 2019, mas ainda n\u00e3o havia superado os 80%. A expectativa da Embratur \u00e9 recuperar 100% da conectividade ainda em 2022. Para isso, a ag\u00eancia tem feito reuni\u00f5es com empresas a\u00e9reas e h\u00e1 previs\u00e3o de 134 novos voos e frequ\u00eancias adicionais at\u00e9 fevereiro de 2023.<\/p>\n<h2>Rotas<\/h2>\n<p>Entre as novidades, destacam-se as rotas e frequ\u00eancias de liga\u00e7\u00e3o com o Nordeste do Brasil. J\u00e1 em outubro, a Aerol\u00edneas Argentinas prev\u00ea o incremento de duas frequ\u00eancias nos voos Buenos Aires-Salvador. Em novembro, a Tap tamb\u00e9m estima o retorno de duas frequ\u00eancias de voos Lisboa-Salvador. No mesmo m\u00eas, a Gol retomar\u00e1 o voo Buenos Aires-Natal.<\/p>\n<p>A Air Europa prev\u00ea colocar em opera\u00e7\u00e3o dois novos voos e uma frequ\u00eancia adicional, em dezembro, na rota Madri-Salvador. Tamb\u00e9m em dezembro, a Gol estima novos voos: Miami-Fortaleza, Buenos Aires-Recife, Buenos Aires-Macei\u00f3 e Buenos Aires-Salvador.<\/p>\n<p>Atualmente, os continentes que mais possuem conectividade com o Brasil s\u00e3o a Am\u00e9rica Latina, com 2.068 voos mensais; a Europa, com 1.045 voos; e a Am\u00e9rica do Norte, com 762. Segundo a Embratur, a conectividade com Estados Unidos e Canad\u00e1, em agosto, aumentou 28,36% em rela\u00e7\u00e3o ao m\u00eas de julho.<\/p>\n<p><span style=\"font-weight: 400;\"><br \/>\n<\/span><span style=\"font-weight: 400;\">Fonte: Ag\u00eancia Brasil <\/span><\/p>\n","protected":false},"excerpt":{"rendered":"<p>O n\u00famero de chegadas de voos internacionais ao Brasil, em agosto deste ano, foi o maior j\u00e1 registrado desde o in\u00edcio da pandemia de covid-19. Segundo a Ag\u00eancia Brasileira de Promo\u00e7\u00e3o Internacional do Turismo (Embratur), somente no m\u00eas passado houve 4.003 desembarques, o que representa 80,71% da capacidade demonstrada em 2019. Comparado a agosto de [&hellip;]<\/p>\n","protected":false},"author":246,"featured_media":204064,"comment_status":"closed","ping_status":"closed","sticky":false,"template":"","format":"standard","meta":{"footnotes":""},"categories":[436,261,439],"tags":[],"class_list":["post-204063","post","type-post","status-publish","format-standard","has-post-thumbnail","hentry","category-destaque-da-semana","category-economia","category-ultima-hora"],"_links":{"self":[{"href":"https:\/\/diarioregionaldigital.com.br\/index.php?rest_route=\/wp\/v2\/posts\/204063","targetHints":{"allow":["GET"]}}],"collection":[{"href":"https:\/\/diarioregionaldigital.com.br\/index.php?rest_route=\/wp\/v2\/posts"}],"about":[{"href":"https:\/\/diarioregionaldigital.com.br\/index.php?rest_route=\/wp\/v2\/types\/post"}],"author":[{"embeddable":true,"href":"https:\/\/diarioregionaldigital.com.br\/index.php?rest_route=\/wp\/v2\/users\/246"}],"replies":[{"embeddable":true,"href":"https:\/\/diarioregionaldigital.com.br\/index.php?rest_route=%2Fwp%2Fv2%2Fcomments&post=204063"}],"version-history":[{"count":1,"href":"https:\/\/diarioregionaldigital.com.br\/index.php?rest_route=\/wp\/v2\/posts\/204063\/revisions"}],"predecessor-version":[{"id":204065,"href":"https:\/\/diarioregionaldigital.com.br\/index.php?rest_route=\/wp\/v2\/posts\/204063\/revisions\/204065"}],"wp:featuredmedia":[{"embeddable":true,"href":"https:\/\/diarioregionaldigital.com.br\/index.php?rest_route=\/wp\/v2\/media\/204064"}],"wp:attachment":[{"href":"https:\/\/diarioregionaldigital.com.br\/index.php?rest_route=%2Fwp%2Fv2%2Fmedia&parent=204063"}],"wp:term":[{"taxonomy":"category","embeddable":true,"href":"https:\/\/diarioregionaldigital.com.br\/index.php?rest_route=%2Fwp%2Fv2%2Fcategories&post=204063"},{"taxonomy":"post_tag","embeddable":true,"href":"https:\/\/diarioregionaldigital.com.br\/index.php?rest_route=%2Fwp%2Fv2%2Ftags&post=204063"}],"curies":[{"name":"wp","href":"https:\/\/api.w.org\/{rel}","templated":true}]}}