{"id":204053,"date":"2022-09-09T06:00:36","date_gmt":"2022-09-09T09:00:36","guid":{"rendered":"https:\/\/diarioregionaldigital.com.br\/?p=204053"},"modified":"2022-09-08T22:06:15","modified_gmt":"2022-09-09T01:06:15","slug":"prefeitura-municipal-de-descoberto-extrato-de-contrato-no061-09-09-2022","status":"publish","type":"post","link":"https:\/\/diarioregionaldigital.com.br\/?p=204053","title":{"rendered":"Prefeitura Municipal de Descoberto &#8211; Extrato de Contrato n\u00ba061 &#8211; 09\/09\/2022"},"content":{"rendered":"<p style=\"text-align: center;\"><strong>EXTRATO DE CONTRATO<\/strong><\/p>\n<p style=\"text-align: center;\">Pref. Municipal de Descoberto x Fortluz Materiais El\u00e9tricos Ltda &#8211; Fundamento: Aquisi\u00e7\u00e3o de utens\u00edlios para cozinhaq para atendimento das demandas das escolas municipais \u2013Preg\u00e3o \u00a0\u00a0n\u00ba 023\/2022 \u2013 Valor Global: 7.109,10 \u2013 Vig\u00eancia: 03 meses \u2013 Dot or\u00e7: 02.02004.12.361.0003.254-339030\/119- 02.02004.12.365.0003.259-339030\/147- Ass: 09\/09\/2022- Foro: S\u00e3o Jo\u00e3o Nepomuceno\/MG.<\/p>\n<p style=\"text-align: center;\"><strong>Marcos de Ara\u00fajo Lima<\/strong><\/p>\n<p style=\"text-align: center;\"><strong>Prefeito Municipal<\/strong><\/p>\n","protected":false},"excerpt":{"rendered":"<p>EXTRATO DE CONTRATO Pref. Municipal de Descoberto x Fortluz Materiais El\u00e9tricos Ltda &#8211; Fundamento: Aquisi\u00e7\u00e3o de utens\u00edlios para cozinhaq para atendimento das demandas das escolas municipais \u2013Preg\u00e3o \u00a0\u00a0n\u00ba 023\/2022 \u2013 Valor Global: 7.109,10 \u2013 Vig\u00eancia: 03 meses \u2013 Dot or\u00e7: 02.02004.12.361.0003.254-339030\/119- 02.02004.12.365.0003.259-339030\/147- Ass: 09\/09\/2022- Foro: S\u00e3o Jo\u00e3o Nepomuceno\/MG. Marcos de Ara\u00fajo Lima Prefeito Municipal<\/p>\n","protected":false},"author":96,"featured_media":0,"comment_status":"closed","ping_status":"closed","sticky":false,"template":"","format":"standard","meta":{"footnotes":""},"categories":[307],"tags":[],"class_list":["post-204053","post","type-post","status-publish","format-standard","hentry","category-editais"],"_links":{"self":[{"href":"https:\/\/diarioregionaldigital.com.br\/index.php?rest_route=\/wp\/v2\/posts\/204053","targetHints":{"allow":["GET"]}}],"collection":[{"href":"https:\/\/diarioregionaldigital.com.br\/index.php?rest_route=\/wp\/v2\/posts"}],"about":[{"href":"https:\/\/diarioregionaldigital.com.br\/index.php?rest_route=\/wp\/v2\/types\/post"}],"author":[{"embeddable":true,"href":"https:\/\/diarioregionaldigital.com.br\/index.php?rest_route=\/wp\/v2\/users\/96"}],"replies":[{"embeddable":true,"href":"https:\/\/diarioregionaldigital.com.br\/index.php?rest_route=%2Fwp%2Fv2%2Fcomments&post=204053"}],"version-history":[{"count":1,"href":"https:\/\/diarioregionaldigital.com.br\/index.php?rest_route=\/wp\/v2\/posts\/204053\/revisions"}],"predecessor-version":[{"id":204054,"href":"https:\/\/diarioregionaldigital.com.br\/index.php?rest_route=\/wp\/v2\/posts\/204053\/revisions\/204054"}],"wp:attachment":[{"href":"https:\/\/diarioregionaldigital.com.br\/index.php?rest_route=%2Fwp%2Fv2%2Fmedia&parent=204053"}],"wp:term":[{"taxonomy":"category","embeddable":true,"href":"https:\/\/diarioregionaldigital.com.br\/index.php?rest_route=%2Fwp%2Fv2%2Fcategories&post=204053"},{"taxonomy":"post_tag","embeddable":true,"href":"https:\/\/diarioregionaldigital.com.br\/index.php?rest_route=%2Fwp%2Fv2%2Ftags&post=204053"}],"curies":[{"name":"wp","href":"https:\/\/api.w.org\/{rel}","templated":true}]}}