{"id":204051,"date":"2022-09-09T06:00:40","date_gmt":"2022-09-09T09:00:40","guid":{"rendered":"https:\/\/diarioregionaldigital.com.br\/?p=204051"},"modified":"2022-09-08T21:48:30","modified_gmt":"2022-09-09T00:48:30","slug":"prefeitura-municipal-de-descoberto-extrato-de-contrato-no060-09-09-2022","status":"publish","type":"post","link":"https:\/\/diarioregionaldigital.com.br\/?p=204051","title":{"rendered":"Prefeitura Municipal de Descoberto &#8211; Extrato de Contrato n\u00ba060 &#8211; 09\/09\/2022"},"content":{"rendered":"<p style=\"text-align: center;\"><strong>EXTRATO DE CONTRATO<\/strong><\/p>\n<p style=\"text-align: center;\">Pref. Municipal de Descoberto x Centro de Inform\u00e1tica e Automa\u00e7\u00e3o do Estado de Santa Catarina S.A. &#8211; CIASC- Fundamento: Contrata\u00e7\u00e3o de empresa especializada para presta\u00e7\u00e3o de servi\u00e7os de solu\u00e7\u00e3o de \u00e1rea de trabalho digital baseada na plataforma Google Workspace \u2013Dispensa \u00a0\u00a0n\u00ba 008\/2022 \u2013 Valor Global: 6.156,00 \u2013 Vig\u00eancia: 12 meses \u2013 Dot or\u00e7: 02.02002.04.122.0002.217-339039\/100- Ass: 01\/09\/2022- Foro: S\u00e3o Jo\u00e3o Nepomuceno\/MG.<\/p>\n<p style=\"text-align: center;\"><strong>Marcos de Ara\u00fajo Lima<\/strong><\/p>\n<p style=\"text-align: center;\"><strong>Prefeito Municipal<\/strong><\/p>\n","protected":false},"excerpt":{"rendered":"<p>EXTRATO DE CONTRATO Pref. Municipal de Descoberto x Centro de Inform\u00e1tica e Automa\u00e7\u00e3o do Estado de Santa Catarina S.A. &#8211; CIASC- Fundamento: Contrata\u00e7\u00e3o de empresa especializada para presta\u00e7\u00e3o de servi\u00e7os de solu\u00e7\u00e3o de \u00e1rea de trabalho digital baseada na plataforma Google Workspace \u2013Dispensa \u00a0\u00a0n\u00ba 008\/2022 \u2013 Valor Global: 6.156,00 \u2013 Vig\u00eancia: 12 meses \u2013 Dot [&hellip;]<\/p>\n","protected":false},"author":96,"featured_media":0,"comment_status":"closed","ping_status":"closed","sticky":false,"template":"","format":"standard","meta":{"footnotes":""},"categories":[307],"tags":[],"class_list":["post-204051","post","type-post","status-publish","format-standard","hentry","category-editais"],"_links":{"self":[{"href":"https:\/\/diarioregionaldigital.com.br\/index.php?rest_route=\/wp\/v2\/posts\/204051","targetHints":{"allow":["GET"]}}],"collection":[{"href":"https:\/\/diarioregionaldigital.com.br\/index.php?rest_route=\/wp\/v2\/posts"}],"about":[{"href":"https:\/\/diarioregionaldigital.com.br\/index.php?rest_route=\/wp\/v2\/types\/post"}],"author":[{"embeddable":true,"href":"https:\/\/diarioregionaldigital.com.br\/index.php?rest_route=\/wp\/v2\/users\/96"}],"replies":[{"embeddable":true,"href":"https:\/\/diarioregionaldigital.com.br\/index.php?rest_route=%2Fwp%2Fv2%2Fcomments&post=204051"}],"version-history":[{"count":1,"href":"https:\/\/diarioregionaldigital.com.br\/index.php?rest_route=\/wp\/v2\/posts\/204051\/revisions"}],"predecessor-version":[{"id":204052,"href":"https:\/\/diarioregionaldigital.com.br\/index.php?rest_route=\/wp\/v2\/posts\/204051\/revisions\/204052"}],"wp:attachment":[{"href":"https:\/\/diarioregionaldigital.com.br\/index.php?rest_route=%2Fwp%2Fv2%2Fmedia&parent=204051"}],"wp:term":[{"taxonomy":"category","embeddable":true,"href":"https:\/\/diarioregionaldigital.com.br\/index.php?rest_route=%2Fwp%2Fv2%2Fcategories&post=204051"},{"taxonomy":"post_tag","embeddable":true,"href":"https:\/\/diarioregionaldigital.com.br\/index.php?rest_route=%2Fwp%2Fv2%2Ftags&post=204051"}],"curies":[{"name":"wp","href":"https:\/\/api.w.org\/{rel}","templated":true}]}}