{"id":204045,"date":"2022-09-08T14:56:59","date_gmt":"2022-09-08T17:56:59","guid":{"rendered":"https:\/\/diarioregionaldigital.com.br\/?p=204045"},"modified":"2022-09-08T14:56:59","modified_gmt":"2022-09-08T17:56:59","slug":"programa-boniteza-realiza-97-intervencoes-nesta-quinta-8","status":"publish","type":"post","link":"https:\/\/diarioregionaldigital.com.br\/?p=204045","title":{"rendered":"Programa Boniteza realiza 97 interven\u00e7\u00f5es nesta quinta, 8"},"content":{"rendered":"<p>Segundo informa\u00e7\u00f5es do site da Prefeitura de Juiz de Fora (PJF), o\u00a0Programa Boniteza da Prefeitura de Juiz de Fora (PJF) opera em 97 interven\u00e7\u00f5es nesta quinta-feira, 8.<br \/>\n<strong>Obras<\/strong><br \/>\nOs Departamentos de Opera\u00e7\u00e3o e Manuten\u00e7\u00e3o em Obras (Domo) e de Estradas Vicinais da Secretaria de Obras t\u00eam previstas 21 a\u00e7\u00f5es.<br \/>\n<strong>Interven\u00e7\u00f5es em continuidade:<\/strong><br \/>\n&#8211; Patrolamento &#8211; Estrada da Boa vista<\/p>\n<p>&#8211; Coloca\u00e7\u00e3o de material em pontos cr\u00edticos &#8211; Estrada Pedra da On\u00e7a<\/p>\n<p>&#8211; Patrolamento &#8211; Rua Professor Cris\u00f3stomo &#8211; Granjas triunfo<\/p>\n<p>&#8211; Limpeza das bocas de lobo &#8211; Avenida JK<\/p>\n<p>&#8211; Constru\u00e7\u00e3o de rede pluvial &#8211; Rua Fernando Lamarca &#8211; Distrito Industrial<\/p>\n<p>&#8211; Patrolamento &#8211; Estrada da serrinha<\/p>\n<p>&#8211; Patrolamento &#8211; Rua da esta\u00e7\u00e3o<\/p>\n<p>&#8211; Limpeza de bueiros &#8211; Comunidade Ros\u00e1rio de Minas<\/p>\n<p>&#8211; Constru\u00e7\u00e3o de muro de conten\u00e7\u00e3o &#8211; Rua Z\u00e9lia Maria Valentin &#8211; Jardim Marajoara<br \/>\n<strong>Novas interven\u00e7\u00f5es:<\/strong><br \/>\n&#8211; Alteamento de meio fio &#8211; Estrada de pires &#8211; Pires<\/p>\n<p>&#8211; Limpeza de valas e sa\u00eddas d&#8217;\u00e1gua &#8211; Estrada S\u00e3o Louren\u00e7o<\/p>\n<p>&#8211; Limpeza de valas e sa\u00eddas d&#8217;\u00e1gua &#8211; Estrada Tira Teima &#8211; Sarandira<\/p>\n<p>&#8211; Retirada de entulho &#8211;\u00a0 Estrada dos cordeiros &#8211; Humait\u00e1<\/p>\n<p>&#8211; Recupera\u00e7\u00e3o de meio fio &#8211; Rua Benjamin Guimar\u00e3es &#8211;<\/p>\n<p>&#8211; Coloca\u00e7\u00e3o\u00a0 de tampas em boca de lobo &#8211; Rua Wagner Giancolli &#8211; Parque independ\u00eancia<\/p>\n<p>&#8211; Patrolamento &#8211; Rua Diva Garcia &#8211; Linhares<\/p>\n<p>&#8211; Retirada de terra &#8211; Rua Diva Garcia &#8211; Linhares<\/p>\n<p>&#8211; Alteamento de bueiro &#8211; Rua Luiz Creosol &#8211; Nossa Senhora Aparecida<\/p>\n<p>&#8211; Limpeza das bocas de lobo em torno da pra\u00e7a do Riachuelo<\/p>\n<p>&#8211; Transporte de material granulado &#8211; Estrada feij\u00e3o cru &#8211; Varginha<\/p>\n<p>&#8211; Transporte de material &#8211; Estrada de sarandira<br \/>\n<strong>Ilumina\u00e7\u00e3o P\u00fablica<\/strong><br \/>\nO departamento de Ilumina\u00e7\u00e3o P\u00fablica da PJF d\u00e1 continuidade \u00e0s a\u00e7\u00f5es com a previs\u00e3o de trocas de 76 l\u00e2mpadas em todas as regi\u00f5es.<br \/>\n<strong>Estrela Sul<\/strong><\/p>\n<p>Avenida Luz Interior<br \/>\n<strong>Sagrado Cora\u00e7\u00e3o De Jesus<\/strong><\/p>\n<p>Rua Antonio Jose Garcia<br \/>\n<strong>Jardim Laranjeiras<\/strong><\/p>\n<p>Rua Dr Albertino Gon\u00e7alves Vieira<br \/>\n<strong>Novo Horizonte<\/strong><\/p>\n<p>Rua Dr Nelson Lougon<br \/>\n<strong>Bela Aurora<\/strong><\/p>\n<p>Rua Orlando Stefani<br \/>\n<strong>Furtado De Menezes<\/strong><\/p>\n<p>Rua Da Fe<br \/>\n<strong>Torreoes<\/strong><\/p>\n<p>Estrada De Torre\u00f5es Anna Pereira Delgado<br \/>\n<strong>Valadares<\/strong><\/p>\n<p>Avenida Dos Guedes<br \/>\n<strong>Cerro Azul<\/strong><\/p>\n<p>Rua Engenheiro Gentil Forn<br \/>\n<strong>Aeroporto<\/strong><\/p>\n<p>Rua Francisco Batista De Oliveira<\/p>\n<p>Rua Judith De Paula<\/p>\n<p>Rua \u00c1lvaro Jos\u00e9 Rodrigues<br \/>\n<strong>S\u00e3o Pedro<\/strong><\/p>\n<p>Rua Olga Goliath Munck<\/p>\n<p>Avenida Pedro Henrique Krambeck<\/p>\n<p>Avenida Presidente Costa E Silva<br \/>\n<strong>Santos Dumont<\/strong><\/p>\n<p>Rua Geraldo Timoteo De Oliveira<\/p>\n<p>Rua \u00c1lvaro Jos\u00e9 Rodrigues<br \/>\n<strong>Borboleta<\/strong><\/p>\n<p>Rua Ant\u00f4nio Dias<br \/>\n<strong>Santa Helena<\/strong><\/p>\n<p>Rua Luiz Sans\u00e3o<br \/>\n<strong>Alphaville II<\/strong><\/p>\n<p>Rua R<\/p>\n<p>Rua Marip\u00e1<\/p>\n<p>Rua Bicas<\/p>\n<p>Rua Uberl\u00e2ndia<\/p>\n<p>Rua Al\u00e9m Para\u00edba<\/p>\n<p>Rua Visconde Do Rio Branco<br \/>\n<strong>Alphaville I<\/strong><\/p>\n<p>Rua Ibi\u00e1<\/p>\n<p>Rua Ibirit\u00e9<\/p>\n<p>Rua Itanhandu<\/p>\n<p>Rua Cambu\u00ed<br \/>\n<strong>Vivendas Das Fontes<\/strong><\/p>\n<p>Rua Dos Sabi\u00e1s<br \/>\n<strong>Francisco Bernardino<\/strong><\/p>\n<p>Rua Governador Ozanan Coelho<\/p>\n<p>Rua Dr Lilito<br \/>\n<strong>Igrejinha<\/strong><\/p>\n<p>Rua Nelson Duque<\/p>\n<p>Rua Das Ameixas<br \/>\n<strong>Nova Era II<\/strong><\/p>\n<p>Rua Escoteiro Fernando C\u00e9sar<\/p>\n<p>Rua Walter Nogueira De Carvalho<\/p>\n<p>Rua Dos Rodovi\u00e1rios<br \/>\n<strong>Milho Branco<\/strong><\/p>\n<p>Rua Ivan Baptista De Oliveira<br \/>\n<strong>Carlos Chagas<\/strong><\/p>\n<p>Rua Marechal Cordeiro De Farias<br \/>\n<strong>Jardim Cachoeira<\/strong><\/p>\n<p>Rua Arno Krambeck Duque<br \/>\n<strong>Cai\u00e7aras<\/strong><\/p>\n<p>Rua Yara Ayupe Correia De Oliveira<br \/>\n<strong>Santa Cruz<\/strong><\/p>\n<p>Rua Antonio Mourao Guimaraes<\/p>\n<p>Avenida Doutor Sime\u00e3o De Faria<\/p>\n<p>Rua Jacob Val\u00e9rio<br \/>\n<strong>Bandeirantes<\/strong><\/p>\n<p>Rua Monte L\u00edbano<\/p>\n<p>Rua Humberto Luigi Lovisi<br \/>\n<strong>Vila Alpina<\/strong><\/p>\n<p>Rua Doutor Eurico Viana<br \/>\n<strong>Bom Jardim<\/strong><\/p>\n<p>Rua Paulo C\u00e9sar Otaviano<br \/>\n<strong>Linhares<\/strong><\/p>\n<p>Rua Terezinha De Lourdes<br \/>\n<strong>Centro<\/strong><\/p>\n<p>Avenida Sete De Setembro<br \/>\n<strong>Progresso<\/strong><\/p>\n<p>Rua Do Planalto<br \/>\n<strong>Santa Paula<\/strong><\/p>\n<p>Rua Adelina Maria Da Costa<br \/>\n<strong>Gabinete de A\u00e7\u00e3o e Di\u00e1logo Comunit\u00e1rio<\/strong><br \/>\nAs a\u00e7\u00f5es da Secretaria de Obras s\u00e3o realizadas atrav\u00e9s do Gabinete de A\u00e7\u00e3o e Di\u00e1logo Comunit\u00e1rio, que recebe demandas de melhorias urbanas pelo n\u00famero (32) 3690-7241, por liga\u00e7\u00e3o ou WhatsApp.<br \/>\nNo\u00a0<a href=\"https:\/\/www.pjf.mg.gov.br\/gabinetecomunitario\/\"><strong>site do gabinete<\/strong><\/a>, est\u00e3o dispon\u00edveis informa\u00e7\u00f5es atualizadas\u00a0 diariamente sobre os servi\u00e7os realizados pelas secretarias de Obras (SO); de Sustentabilidade em Meio Ambiente e Atividades Urbanas (Sesmaur); de Mobilidade Urbana (SMU); e pela\u00a0 Empresa Municipal de Pavimenta\u00e7\u00e3o e Urbaniza\u00e7\u00e3o (Empav); Departamento Municipal de Limpeza Urbana (Demlurb); e Companhia de Saneamento Municipal (Cesama).<\/p>\n","protected":false},"excerpt":{"rendered":"<p>Segundo informa\u00e7\u00f5es do site da Prefeitura de Juiz de Fora (PJF), o\u00a0Programa Boniteza da Prefeitura de Juiz de Fora (PJF) opera em 97 interven\u00e7\u00f5es nesta quinta-feira, 8. Obras Os Departamentos de Opera\u00e7\u00e3o e Manuten\u00e7\u00e3o em Obras (Domo) e de Estradas Vicinais da Secretaria de Obras t\u00eam previstas 21 a\u00e7\u00f5es. Interven\u00e7\u00f5es em continuidade: &#8211; Patrolamento &#8211; [&hellip;]<\/p>\n","protected":false},"author":246,"featured_media":204046,"comment_status":"closed","ping_status":"closed","sticky":false,"template":"","format":"standard","meta":{"footnotes":""},"categories":[253,436,439],"tags":[],"class_list":["post-204045","post","type-post","status-publish","format-standard","has-post-thumbnail","hentry","category-cidade","category-destaque-da-semana","category-ultima-hora"],"_links":{"self":[{"href":"https:\/\/diarioregionaldigital.com.br\/index.php?rest_route=\/wp\/v2\/posts\/204045","targetHints":{"allow":["GET"]}}],"collection":[{"href":"https:\/\/diarioregionaldigital.com.br\/index.php?rest_route=\/wp\/v2\/posts"}],"about":[{"href":"https:\/\/diarioregionaldigital.com.br\/index.php?rest_route=\/wp\/v2\/types\/post"}],"author":[{"embeddable":true,"href":"https:\/\/diarioregionaldigital.com.br\/index.php?rest_route=\/wp\/v2\/users\/246"}],"replies":[{"embeddable":true,"href":"https:\/\/diarioregionaldigital.com.br\/index.php?rest_route=%2Fwp%2Fv2%2Fcomments&post=204045"}],"version-history":[{"count":1,"href":"https:\/\/diarioregionaldigital.com.br\/index.php?rest_route=\/wp\/v2\/posts\/204045\/revisions"}],"predecessor-version":[{"id":204047,"href":"https:\/\/diarioregionaldigital.com.br\/index.php?rest_route=\/wp\/v2\/posts\/204045\/revisions\/204047"}],"wp:featuredmedia":[{"embeddable":true,"href":"https:\/\/diarioregionaldigital.com.br\/index.php?rest_route=\/wp\/v2\/media\/204046"}],"wp:attachment":[{"href":"https:\/\/diarioregionaldigital.com.br\/index.php?rest_route=%2Fwp%2Fv2%2Fmedia&parent=204045"}],"wp:term":[{"taxonomy":"category","embeddable":true,"href":"https:\/\/diarioregionaldigital.com.br\/index.php?rest_route=%2Fwp%2Fv2%2Fcategories&post=204045"},{"taxonomy":"post_tag","embeddable":true,"href":"https:\/\/diarioregionaldigital.com.br\/index.php?rest_route=%2Fwp%2Fv2%2Ftags&post=204045"}],"curies":[{"name":"wp","href":"https:\/\/api.w.org\/{rel}","templated":true}]}}