{"id":204041,"date":"2022-09-08T14:55:15","date_gmt":"2022-09-08T17:55:15","guid":{"rendered":"https:\/\/diarioregionaldigital.com.br\/?p=204041"},"modified":"2022-09-08T14:55:15","modified_gmt":"2022-09-08T17:55:15","slug":"com-vacinacao-adocao-de-animais-e-brincadeiras-praca-ceu-recebe-primeiro-role-da-cidadania-promovido-pela-pjf","status":"publish","type":"post","link":"https:\/\/diarioregionaldigital.com.br\/?p=204041","title":{"rendered":"Com vacina\u00e7\u00e3o, ado\u00e7\u00e3o de animais e brincadeiras, Pra\u00e7a CEU recebe primeiro \u201cRol\u00ea da Cidadania\u201d promovido pela PJF"},"content":{"rendered":"<p>Segundo informa\u00e7\u00f5es do site da Prefeitura de Juiz de Fora (PJF), durante o m\u00eas de setembro, a Prefeitura de Juiz de Fora (PJF) vai promover o evento \u201cRol\u00ea da Cidadania\u201d em diversos bairros do munic\u00edpio. A iniciativa vai levar atividades recreativas e culturais, al\u00e9m de servi\u00e7os como vacina\u00e7\u00e3o e atendimentos sociais.\u00a0 A primeira edi\u00e7\u00e3o acontece nesta sexta-feira, 9, na Zona Norte, de 14h \u00e0s 20h.<\/p>\n<p>O evento ser\u00e1 na Pra\u00e7a CEU, localizada no bairro Benfica. A partir das 14h, quem for ao local poder\u00e1 receber vacina\u00e7\u00e3o contra Covid-19 e Influenza; participar de oficinas culturais; adotar c\u00e3es na tenda montada pelo Canil; e dar vacina antirr\u00e1bica em seu animal de estima\u00e7\u00e3o. No evento, tamb\u00e9m haver\u00e1 distribui\u00e7\u00e3o de mudas e as crian\u00e7as poder\u00e3o brincar em brinquedos infl\u00e1veis, como pula pula e tobog\u00e3.<\/p>\n<p>A popula\u00e7\u00e3o pode, ainda, aproveitar a oportunidade para receber orienta\u00e7\u00f5es sobre os servi\u00e7os de zeladoria executados pela PJF; o trabalho da Defesa Civil; os direitos do consumidor; os servi\u00e7os oferecidos pela Casa da Mulher; e o atendimento no Centro de Refer\u00eancia de Assist\u00eancia Social (Cras), que estar\u00e1 \u00e0 disposi\u00e7\u00e3o para realizar os encaminhamentos necess\u00e1rios para cadastro no CAD\u00danico. Al\u00e9m disso, a Pra\u00e7a CEU receber\u00e1 a Feira Noturna de 15h \u00e0s 20h.<\/p>\n<p><strong>Confira a programa\u00e7\u00e3o:<\/strong><\/p>\n<p><strong>14h \u00e0s 16h:\u00a0<\/strong><\/p>\n<p>&#8211; Oficinas de educa\u00e7\u00e3o patrimonial e pintura de m\u00e3o.<br \/>\n<strong>14h \u00e0s 19h:<\/strong><\/p>\n<p>&#8211; Vacina\u00e7\u00e3o contra Influenza e COVID-19.<\/p>\n<p>&#8211; Vacina\u00e7\u00e3o Antirr\u00e1bica Animal.<\/p>\n<p>&#8211; Tenda do Canil para ado\u00e7\u00e3o de c\u00e3es.<\/p>\n<p>&#8211; Exposi\u00e7\u00e3o de animais pe\u00e7onhentos.<\/p>\n<p>&#8211; Tenda com apresenta\u00e7\u00e3o sobre as a\u00e7\u00f5es de zeladoria e informa\u00e7\u00f5es gerais sobre o Gabinete de A\u00e7\u00e3o e Di\u00e1logo Comunit\u00e1rio (GADC), setor da Secretaria de Governo (SG) respons\u00e1vel por receber e planejar as demandas de zeladoria do munic\u00edpio.<\/p>\n<p>&#8211; Atendimento do Procon M\u00f3vel para orientar sobre direitos do consumidor.<\/p>\n<p>&#8211; Cras aberto para orienta\u00e7\u00e3o, atendimento e encaminhamento para cadastro no CAD\u00daNICO.<\/p>\n<p><strong>15h \u00e0s 19h:\u00a0<\/strong><\/p>\n<p>&#8211; Divulga\u00e7\u00e3o e orienta\u00e7\u00e3o sobre os servi\u00e7os da Casa da Mulher e Central do Passe Livre.<\/p>\n<p><strong>15h \u00e0s 20h:\u00a0<\/strong><\/p>\n<p>&#8211; Feira Noturna.<\/p>\n<p><strong>16h \u00e0s 18h:\u00a0<\/strong><\/p>\n<p>&#8211; Experimentos l\u00fadicos com a tem\u00e1tica da Defesa Civil e tenda para tirar d\u00favidas com os agentes de Defesa Civil.<\/p>\n<p>&#8211; Oficina sobre elabora\u00e7\u00e3o de projetos culturais.<\/p>\n<p><strong>16h \u00e0s 19h:\u00a0<\/strong><\/p>\n<p>&#8211; Oficina de peteca, brincadeiras e pintura a m\u00e3o.<\/p>\n<p><strong>16h \u00e0s 20h:\u00a0<\/strong><\/p>\n<p>&#8211; Atividades recreativas e de lazer para a comunidade, com monitores e brinquedos infl\u00e1veis para crian\u00e7as.<\/p>\n<p><strong>18h \u00e0s 19h:\u00a0<\/strong><\/p>\n<p>&#8211; Apresenta\u00e7\u00e3o Cultural com o Palha\u00e7o Bolinha<\/p>\n<p><strong>20h:\u00a0<\/strong><\/p>\n<p>&#8211; Distribui\u00e7\u00e3o de mudas.<\/p>\n","protected":false},"excerpt":{"rendered":"<p>Segundo informa\u00e7\u00f5es do site da Prefeitura de Juiz de Fora (PJF), durante o m\u00eas de setembro, a Prefeitura de Juiz de Fora (PJF) vai promover o evento \u201cRol\u00ea da Cidadania\u201d em diversos bairros do munic\u00edpio. A iniciativa vai levar atividades recreativas e culturais, al\u00e9m de servi\u00e7os como vacina\u00e7\u00e3o e atendimentos sociais.\u00a0 A primeira edi\u00e7\u00e3o acontece [&hellip;]<\/p>\n","protected":false},"author":246,"featured_media":204042,"comment_status":"closed","ping_status":"closed","sticky":false,"template":"","format":"standard","meta":{"footnotes":""},"categories":[253,436,439],"tags":[],"class_list":["post-204041","post","type-post","status-publish","format-standard","has-post-thumbnail","hentry","category-cidade","category-destaque-da-semana","category-ultima-hora"],"_links":{"self":[{"href":"https:\/\/diarioregionaldigital.com.br\/index.php?rest_route=\/wp\/v2\/posts\/204041","targetHints":{"allow":["GET"]}}],"collection":[{"href":"https:\/\/diarioregionaldigital.com.br\/index.php?rest_route=\/wp\/v2\/posts"}],"about":[{"href":"https:\/\/diarioregionaldigital.com.br\/index.php?rest_route=\/wp\/v2\/types\/post"}],"author":[{"embeddable":true,"href":"https:\/\/diarioregionaldigital.com.br\/index.php?rest_route=\/wp\/v2\/users\/246"}],"replies":[{"embeddable":true,"href":"https:\/\/diarioregionaldigital.com.br\/index.php?rest_route=%2Fwp%2Fv2%2Fcomments&post=204041"}],"version-history":[{"count":2,"href":"https:\/\/diarioregionaldigital.com.br\/index.php?rest_route=\/wp\/v2\/posts\/204041\/revisions"}],"predecessor-version":[{"id":204044,"href":"https:\/\/diarioregionaldigital.com.br\/index.php?rest_route=\/wp\/v2\/posts\/204041\/revisions\/204044"}],"wp:featuredmedia":[{"embeddable":true,"href":"https:\/\/diarioregionaldigital.com.br\/index.php?rest_route=\/wp\/v2\/media\/204042"}],"wp:attachment":[{"href":"https:\/\/diarioregionaldigital.com.br\/index.php?rest_route=%2Fwp%2Fv2%2Fmedia&parent=204041"}],"wp:term":[{"taxonomy":"category","embeddable":true,"href":"https:\/\/diarioregionaldigital.com.br\/index.php?rest_route=%2Fwp%2Fv2%2Fcategories&post=204041"},{"taxonomy":"post_tag","embeddable":true,"href":"https:\/\/diarioregionaldigital.com.br\/index.php?rest_route=%2Fwp%2Fv2%2Ftags&post=204041"}],"curies":[{"name":"wp","href":"https:\/\/api.w.org\/{rel}","templated":true}]}}