{"id":204037,"date":"2022-09-08T14:53:09","date_gmt":"2022-09-08T17:53:09","guid":{"rendered":"https:\/\/diarioregionaldigital.com.br\/?p=204037"},"modified":"2022-09-08T14:53:09","modified_gmt":"2022-09-08T17:53:09","slug":"museu-mariano-procopio-recebe-mais-de-1600-visitantes-no-primeiro-dia-de-reabertura","status":"publish","type":"post","link":"https:\/\/diarioregionaldigital.com.br\/?p=204037","title":{"rendered":"Museu Mariano Proc\u00f3pio recebe mais de 1600 visitantes no primeiro dia de reabertura"},"content":{"rendered":"<p>Segundo informa\u00e7\u00f5es do site da Prefeitura de Juiz de Fora (PJF), o\u00a0dia 7 de setembro, bicenten\u00e1rio da independ\u00eancia do Brasil, foi marcado por encontros e reencontros no Museu Mariano Proc\u00f3pio. Mais de 1600 pessoas de todas as idades visitaram o espa\u00e7o para conferir a exposi\u00e7\u00e3o \u201cRememorar o Brasil: a independ\u00eancia e a constru\u00e7\u00e3o do Estado-Na\u00e7\u00e3o\u201d. Entre os visitantes, havia aqueles que conheceram o acervo a mais de 15 anos atr\u00e1s, recordando com carinho das \u00faltimas visitas. Outros visitavam o museu pela primeira vez e se deslumbravam pelos itens que comp\u00f5em cerca de 200 anos de hist\u00f3ria do Brasil.<br \/>\nJo\u00e3o Daniel Gonelli foi o primeiro visitante a entrar no pr\u00e9dio. Assistente jur\u00eddico, ele nunca havia entrado no Museu, apesar de ser um visitante frequente do parque da institui\u00e7\u00e3o. \u201cNunca havia entrado nessa parte interna. Estou muito feliz de poder ver a hist\u00f3ria sendo devolvida ao povo de Juiz de Fora e ao povo brasileiro\u201d. Com o celular em m\u00e3os para fotografar cada detalhe, Jo\u00e3o observou cuidadosamente cada detalhe do circuito expositivo. \u201cA exposi\u00e7\u00e3o est\u00e1 simplesmente maravilhosa, estou encantado. \u00c9 uma volta ao passado, o conhecimento da nossa hist\u00f3ria, faz com as pessoas reflitam e pensem muito para um futuro melhor para o nosso pa\u00eds e para nossa cidade\u201d, completou.<br \/>\nA estudante Katherine Lucinda, de 11 anos, tamb\u00e9m estava visitando o museu pela primeira vez. Morando em Juiz de Fora h\u00e1 apenas dois anos, Katherine j\u00e1 havia se encantado pelos jardins do parque, mas estava ansiosa para conhecer o museu. \u201cEu estava muito empolgada para conhecer o museu. Estou achando incr\u00edvel, maravilhoso. O que me deixou mais impressionada foi o trono de D, Jo\u00e3o\u201d. A m\u00e3e da estudante, a advogada Milene Acosta, veio acompanhar a filha e contou da import\u00e2ncia de visitar o espa\u00e7o. \u201cO resgate \u00e0 hist\u00f3ria \u00e9 muito importante, precisamos conhecer a hist\u00f3ria para saber quais s\u00e3o os nossos pr\u00f3ximos passos\u201d.<br \/>\nA visita\u00e7\u00e3o ao museu acontece de ter\u00e7a \u00e0 sexta-feira, das 9h \u00e0s 16h, com entrada pela Rua Dom Pedro II, 350 e pela Rua Mariano Proc\u00f3pio, 1100. Excepcionalmente no m\u00eas de setembro, aos s\u00e1bados e domingos, o museu tamb\u00e9m ser\u00e1 reaberto das 9h \u00e0s 16h, com entrada pela Rua Mariano Proc\u00f3pio, 1100.\u00a0 A entrada \u00e9 franca e livre para qualquer idade.<\/p>\n","protected":false},"excerpt":{"rendered":"<p>Segundo informa\u00e7\u00f5es do site da Prefeitura de Juiz de Fora (PJF), o\u00a0dia 7 de setembro, bicenten\u00e1rio da independ\u00eancia do Brasil, foi marcado por encontros e reencontros no Museu Mariano Proc\u00f3pio. Mais de 1600 pessoas de todas as idades visitaram o espa\u00e7o para conferir a exposi\u00e7\u00e3o \u201cRememorar o Brasil: a independ\u00eancia e a constru\u00e7\u00e3o do Estado-Na\u00e7\u00e3o\u201d. [&hellip;]<\/p>\n","protected":false},"author":246,"featured_media":204038,"comment_status":"closed","ping_status":"closed","sticky":false,"template":"","format":"standard","meta":{"footnotes":""},"categories":[253,436,439],"tags":[],"class_list":["post-204037","post","type-post","status-publish","format-standard","has-post-thumbnail","hentry","category-cidade","category-destaque-da-semana","category-ultima-hora"],"_links":{"self":[{"href":"https:\/\/diarioregionaldigital.com.br\/index.php?rest_route=\/wp\/v2\/posts\/204037","targetHints":{"allow":["GET"]}}],"collection":[{"href":"https:\/\/diarioregionaldigital.com.br\/index.php?rest_route=\/wp\/v2\/posts"}],"about":[{"href":"https:\/\/diarioregionaldigital.com.br\/index.php?rest_route=\/wp\/v2\/types\/post"}],"author":[{"embeddable":true,"href":"https:\/\/diarioregionaldigital.com.br\/index.php?rest_route=\/wp\/v2\/users\/246"}],"replies":[{"embeddable":true,"href":"https:\/\/diarioregionaldigital.com.br\/index.php?rest_route=%2Fwp%2Fv2%2Fcomments&post=204037"}],"version-history":[{"count":2,"href":"https:\/\/diarioregionaldigital.com.br\/index.php?rest_route=\/wp\/v2\/posts\/204037\/revisions"}],"predecessor-version":[{"id":204040,"href":"https:\/\/diarioregionaldigital.com.br\/index.php?rest_route=\/wp\/v2\/posts\/204037\/revisions\/204040"}],"wp:featuredmedia":[{"embeddable":true,"href":"https:\/\/diarioregionaldigital.com.br\/index.php?rest_route=\/wp\/v2\/media\/204038"}],"wp:attachment":[{"href":"https:\/\/diarioregionaldigital.com.br\/index.php?rest_route=%2Fwp%2Fv2%2Fmedia&parent=204037"}],"wp:term":[{"taxonomy":"category","embeddable":true,"href":"https:\/\/diarioregionaldigital.com.br\/index.php?rest_route=%2Fwp%2Fv2%2Fcategories&post=204037"},{"taxonomy":"post_tag","embeddable":true,"href":"https:\/\/diarioregionaldigital.com.br\/index.php?rest_route=%2Fwp%2Fv2%2Ftags&post=204037"}],"curies":[{"name":"wp","href":"https:\/\/api.w.org\/{rel}","templated":true}]}}