{"id":204031,"date":"2022-09-08T14:39:04","date_gmt":"2022-09-08T17:39:04","guid":{"rendered":"https:\/\/diarioregionaldigital.com.br\/?p=204031"},"modified":"2022-09-08T14:39:04","modified_gmt":"2022-09-08T17:39:04","slug":"brasil-enfrenta-a-republica-dominicana-nas-quartas-da-americup","status":"publish","type":"post","link":"https:\/\/diarioregionaldigital.com.br\/?p=204031","title":{"rendered":"Brasil enfrenta a Rep\u00fablica Dominicana nas quartas da AmeriCup"},"content":{"rendered":"<p>Est\u00e1 definido o advers\u00e1rio do Brasil nas quartas de final da AmeriCup, a Copa Am\u00e9rica de basquete masculino, que \u00e9 disputada na Arena Gerald\u00e3o, em Recife. O pr\u00f3ximo desafio da equipe comandada pelo t\u00e9cnico Gustavo de Conti ser\u00e1 a Rep\u00fablica Dominicana, que no \u00faltimo compromisso pela fase de grupos perdeu de 90 a 78 da Argentina.<img decoding=\"async\" src=\"https:\/\/agenciabrasil.ebc.com.br\/ebc.png?id=1481320&amp;o=node\" \/><img decoding=\"async\" src=\"https:\/\/agenciabrasil.ebc.com.br\/ebc.gif?id=1481320&amp;o=node\" \/><\/p>\n<p>A sele\u00e7\u00e3o brasileira chega em \u00f3timo momento \u00e0 fase eliminat\u00f3ria, com 100% de aproveitamento ap\u00f3s derrotar o Uruguai por 76 a 66 na \u00faltima segunda-feira (5).<\/p>\n<p>Segundo o ala L\u00e9o Meindl, uma vantagem do Brasil na competi\u00e7\u00e3o \u00e9 contar com o apoio da torcida, como foi o caso diante dos uruguaios: \u201cO apoio da torcida veio forte e temos certeza de que vamos fazer melhor no pr\u00f3ximo. Vai servir como motiva\u00e7\u00e3o, pois sabemos que entrar j\u00e1 classificado traz certa tranquilidade\u201d.<\/p>\n<p>Brasil e Rep\u00fablica Dominicana medem for\u00e7as na pr\u00f3xima quinta-feira (8), a partir das 20h10 (hor\u00e1rio de Bras\u00edlia), no Gerald\u00e3o.<\/p>\n<p><span style=\"font-weight: 400;\">Fonte: Ag\u00eancia Brasil <\/span><\/p>\n","protected":false},"excerpt":{"rendered":"<p>Est\u00e1 definido o advers\u00e1rio do Brasil nas quartas de final da AmeriCup, a Copa Am\u00e9rica de basquete masculino, que \u00e9 disputada na Arena Gerald\u00e3o, em Recife. O pr\u00f3ximo desafio da equipe comandada pelo t\u00e9cnico Gustavo de Conti ser\u00e1 a Rep\u00fablica Dominicana, que no \u00faltimo compromisso pela fase de grupos perdeu de 90 a 78 da [&hellip;]<\/p>\n","protected":false},"author":246,"featured_media":204032,"comment_status":"closed","ping_status":"closed","sticky":false,"template":"","format":"standard","meta":{"footnotes":""},"categories":[436,257,439],"tags":[],"class_list":["post-204031","post","type-post","status-publish","format-standard","has-post-thumbnail","hentry","category-destaque-da-semana","category-esporte","category-ultima-hora"],"_links":{"self":[{"href":"https:\/\/diarioregionaldigital.com.br\/index.php?rest_route=\/wp\/v2\/posts\/204031","targetHints":{"allow":["GET"]}}],"collection":[{"href":"https:\/\/diarioregionaldigital.com.br\/index.php?rest_route=\/wp\/v2\/posts"}],"about":[{"href":"https:\/\/diarioregionaldigital.com.br\/index.php?rest_route=\/wp\/v2\/types\/post"}],"author":[{"embeddable":true,"href":"https:\/\/diarioregionaldigital.com.br\/index.php?rest_route=\/wp\/v2\/users\/246"}],"replies":[{"embeddable":true,"href":"https:\/\/diarioregionaldigital.com.br\/index.php?rest_route=%2Fwp%2Fv2%2Fcomments&post=204031"}],"version-history":[{"count":1,"href":"https:\/\/diarioregionaldigital.com.br\/index.php?rest_route=\/wp\/v2\/posts\/204031\/revisions"}],"predecessor-version":[{"id":204033,"href":"https:\/\/diarioregionaldigital.com.br\/index.php?rest_route=\/wp\/v2\/posts\/204031\/revisions\/204033"}],"wp:featuredmedia":[{"embeddable":true,"href":"https:\/\/diarioregionaldigital.com.br\/index.php?rest_route=\/wp\/v2\/media\/204032"}],"wp:attachment":[{"href":"https:\/\/diarioregionaldigital.com.br\/index.php?rest_route=%2Fwp%2Fv2%2Fmedia&parent=204031"}],"wp:term":[{"taxonomy":"category","embeddable":true,"href":"https:\/\/diarioregionaldigital.com.br\/index.php?rest_route=%2Fwp%2Fv2%2Fcategories&post=204031"},{"taxonomy":"post_tag","embeddable":true,"href":"https:\/\/diarioregionaldigital.com.br\/index.php?rest_route=%2Fwp%2Fv2%2Ftags&post=204031"}],"curies":[{"name":"wp","href":"https:\/\/api.w.org\/{rel}","templated":true}]}}