{"id":204027,"date":"2022-09-08T14:37:40","date_gmt":"2022-09-08T17:37:40","guid":{"rendered":"https:\/\/diarioregionaldigital.com.br\/?p=204027"},"modified":"2022-09-08T14:37:40","modified_gmt":"2022-09-08T17:37:40","slug":"brasil-vence-ira-e-encara-argentina-nas-quartas-do-mundial-de-volei","status":"publish","type":"post","link":"https:\/\/diarioregionaldigital.com.br\/?p=204027","title":{"rendered":"Brasil vence Ir\u00e3 e encara Argentina nas quartas do Mundial de v\u00f4lei"},"content":{"rendered":"<p>A sele\u00e7\u00e3o masculina de v\u00f4lei segue na busca pelo tetracampeonato mundial. Nesta ter\u00e7a-feira (6), em Gliwice (Pol\u00f4nia), os brasileiros derrotaram o Ir\u00e3 por 3 sets a 0, com parciais de 25\/17, 25\/22 e 25\/23, ap\u00f3s uma hora e 12 minutos de partida, pelas oitavas de final da competi\u00e7\u00e3o.<img decoding=\"async\" src=\"https:\/\/agenciabrasil.ebc.com.br\/ebc.png?id=1481028&amp;o=node\" \/><img decoding=\"async\" src=\"https:\/\/agenciabrasil.ebc.com.br\/ebc.gif?id=1481028&amp;o=node\" \/><\/p>\n<p>Com 100% de aproveitamento ap\u00f3s quatro jogos (tr\u00eas deles na fase de grupos), o Brasil retorna \u00e0 quadra nesta quinta-feira (8), \u00e0s 12h30 (hor\u00e1rio de Bras\u00edlia), contra a rival Argentina, novamente em Gliwice. O duelo reedita a disputa pela medalha de bronze da Olimp\u00edada de T\u00f3quio (Jap\u00e3o), vencida pelos argentinos.<\/p>\n<p>O cubano naturalizado brasileiro Yoandy Leal, com 20 pontos, liderou a vit\u00f3ria dos comandados de Renan dal Zotto. O tamb\u00e9m ponteiro Rodriguinho, que substituiu o lesionado Lucarelli, anotou oito pontos, cinco no primeiro set, em que foi o destaque da equipe verde e amarela. No lado iraniano, os ponteiros Amirhossein Esfandiar e Mohammad Javad Manavinejad, com oito pontos cada, foram os principais jogadores.<\/p>\n<p>O Brasil pode chegar \u00e0 final do Mundial pela sexta vez seguida, sendo campe\u00e3o em 2002 (superando a R\u00fassia), 2006 (Pol\u00f4nia) e 2010 (Cuba) e vice em 2014 e em 2018 (ambos com derrota para os poloneses). Caso levem o tetracampeonato, os brasileiros se isolar\u00e3o como maiores vencedores em atividade e segundos na hist\u00f3ria, atr\u00e1s somente da extinta Uni\u00e3o Sovi\u00e9tica, que conquistou o trof\u00e9u seis vezes.<\/p>\n<p>As quartas de final come\u00e7am nesta quarta-feira (7), com It\u00e1lia e Fran\u00e7a se enfrentando em Liubliana (Eslov\u00eania), \u00e0s 12h30. Depois, \u00e0s 16h, tamb\u00e9m na capital eslovena, os donos da casa encaram a Ucr\u00e2nia. Na quinta, na sequ\u00eancia do jogo do Brasil, \u00e0s 16h, tem Pol\u00f4nia e Estados Unidos, em Gliwice.<\/p>\n<p>As semifinais est\u00e3o marcadas para s\u00e1bado (10), com jogos \u00e0s 13h e 16h, em Katowice (Pol\u00f4nia). A disputa pelo terceiro lugar (13h) e a decis\u00e3o (16h) ser\u00e3o no domingo (11), na mesma cidade polonesa<\/p>\n<p><span style=\"font-weight: 400;\">Fonte: Ag\u00eancia Brasil <\/span><\/p>\n","protected":false},"excerpt":{"rendered":"<p>A sele\u00e7\u00e3o masculina de v\u00f4lei segue na busca pelo tetracampeonato mundial. Nesta ter\u00e7a-feira (6), em Gliwice (Pol\u00f4nia), os brasileiros derrotaram o Ir\u00e3 por 3 sets a 0, com parciais de 25\/17, 25\/22 e 25\/23, ap\u00f3s uma hora e 12 minutos de partida, pelas oitavas de final da competi\u00e7\u00e3o. Com 100% de aproveitamento ap\u00f3s quatro jogos [&hellip;]<\/p>\n","protected":false},"author":246,"featured_media":204028,"comment_status":"closed","ping_status":"closed","sticky":false,"template":"","format":"standard","meta":{"footnotes":""},"categories":[436,257,439],"tags":[],"class_list":["post-204027","post","type-post","status-publish","format-standard","has-post-thumbnail","hentry","category-destaque-da-semana","category-esporte","category-ultima-hora"],"_links":{"self":[{"href":"https:\/\/diarioregionaldigital.com.br\/index.php?rest_route=\/wp\/v2\/posts\/204027","targetHints":{"allow":["GET"]}}],"collection":[{"href":"https:\/\/diarioregionaldigital.com.br\/index.php?rest_route=\/wp\/v2\/posts"}],"about":[{"href":"https:\/\/diarioregionaldigital.com.br\/index.php?rest_route=\/wp\/v2\/types\/post"}],"author":[{"embeddable":true,"href":"https:\/\/diarioregionaldigital.com.br\/index.php?rest_route=\/wp\/v2\/users\/246"}],"replies":[{"embeddable":true,"href":"https:\/\/diarioregionaldigital.com.br\/index.php?rest_route=%2Fwp%2Fv2%2Fcomments&post=204027"}],"version-history":[{"count":2,"href":"https:\/\/diarioregionaldigital.com.br\/index.php?rest_route=\/wp\/v2\/posts\/204027\/revisions"}],"predecessor-version":[{"id":204030,"href":"https:\/\/diarioregionaldigital.com.br\/index.php?rest_route=\/wp\/v2\/posts\/204027\/revisions\/204030"}],"wp:featuredmedia":[{"embeddable":true,"href":"https:\/\/diarioregionaldigital.com.br\/index.php?rest_route=\/wp\/v2\/media\/204028"}],"wp:attachment":[{"href":"https:\/\/diarioregionaldigital.com.br\/index.php?rest_route=%2Fwp%2Fv2%2Fmedia&parent=204027"}],"wp:term":[{"taxonomy":"category","embeddable":true,"href":"https:\/\/diarioregionaldigital.com.br\/index.php?rest_route=%2Fwp%2Fv2%2Fcategories&post=204027"},{"taxonomy":"post_tag","embeddable":true,"href":"https:\/\/diarioregionaldigital.com.br\/index.php?rest_route=%2Fwp%2Fv2%2Ftags&post=204027"}],"curies":[{"name":"wp","href":"https:\/\/api.w.org\/{rel}","templated":true}]}}